{"id":3210,"date":"2019-02-04T08:53:59","date_gmt":"2019-02-04T08:53:59","guid":{"rendered":"https:\/\/equalsaree.org\/?p=3210"},"modified":"2020-03-16T15:45:18","modified_gmt":"2020-03-16T15:45:18","slug":"une-cour-plus-egalitaire-par-ou-commencer","status":"publish","type":"post","link":"https:\/\/equalsaree.org\/fr\/blog\/2019\/02\/04\/une-cour-plus-egalitaire-par-ou-commencer\/","title":{"rendered":"Une cour plus \u00e9galitaire, par o\u00f9 commencer?"},"content":{"rendered":"<p>[et_pb_section bb_built=\u00a0\u00bb1&Prime; admin_label=\u00a0\u00bbsection\u00a0\u00bb next_background_color=\u00a0\u00bb#000000&Prime;][et_pb_row admin_label=\u00a0\u00bbrow\u00a0\u00bb background_position=\u00a0\u00bbtop_left\u00a0\u00bb background_repeat=\u00a0\u00bbrepeat\u00a0\u00bb background_size=\u00a0\u00bbinitial\u00a0\u00bb][et_pb_column type=\u00a0\u00bb1_2&Prime;][et_pb_image admin_label=\u00a0\u00bbImagen\u00a0\u00bb src=\u00a0\u00bbhttps:\/\/equalsaree.org\/wp-content\/uploads\/2019\/03\/Un-pati-m\u00e9s-igualitari.jpg\u00a0\u00bb show_in_lightbox=\u00a0\u00bboff\u00a0\u00bb url_new_window=\u00a0\u00bboff\u00a0\u00bb align=\u00a0\u00bbleft\u00a0\u00bb force_fullwidth=\u00a0\u00bboff\u00a0\u00bb always_center_on_mobile=\u00a0\u00bbon\u00a0\u00bb use_border_color=\u00a0\u00bboff\u00a0\u00bb use_overlay=\u00a0\u00bboff\u00a0\u00bb animation_style=\u00a0\u00bbslide\u00a0\u00bb animation_duration=\u00a0\u00bb500ms\u00a0\u00bb animation_intensity_slide=\u00a0\u00bb10%\u00a0\u00bb animation_direction=\u00a0\u00bbleft\u00a0\u00bb show_bottom_space=\u00a0\u00bbon\u00a0\u00bb _builder_version=\u00a0\u00bb3.0.105&Prime; \/][\/et_pb_column][et_pb_column type=\u00a0\u00bb1_2&Prime;][et_pb_text admin_label=\u00a0\u00bbTexto\u00a0\u00bb background_layout=\u00a0\u00bblight\u00a0\u00bb text_font_size=\u00a0\u00bb12&Prime; use_border_color=\u00a0\u00bboff\u00a0\u00bb text_line_height=\u00a0\u00bb1.4em\u00a0\u00bb _builder_version=\u00a0\u00bb3.0.105&Prime;]<\/p>\n<h2><b>Une cour plus \u00e9galitaire, par o\u00f9 commencer ?<\/b><\/h2>\n<h3><span style=\"color: #d6202d;\">Atelier de sensibilisation aux in\u00e9galit\u00e9s de genre dans la cour de r\u00e9cr\u00e9ation<\/span><\/h3>\n<p><span style=\"font-weight: 400;\">L\u2019objectif de cet atelier est la prise de conscience des in\u00e9galit\u00e9s qui se produisent dans la cour des \u00e9coles et g\u00e9n\u00e9rer collectivement des crit\u00e8res de conception pour les repenser en incluant la dimension du genre. Au travers de diff\u00e9rentes dynamiques nous analyserons les usages, les activit\u00e9s, et la distribution des espaces de la cour et leur relation avec les valeurs sociales, la hi\u00e9rarchie des genres et les st\u00e9r\u00e9otypes sexistes. Les personnes participantes partageront leurs exp\u00e9riences v\u00e9cues dans la cour de leur \u00e9cole et mettrons en commun les probl\u00e9matiques d\u00e9tect\u00e9es en relation aux in\u00e9galit\u00e9s de genre, avec comme but d\u2019y trouver des r\u00e9ponses et des propositions d\u2019am\u00e9lioration. Notre \u00e9quipe accompagne le processus de r\u00e9flexion en y apportant des connaissances et des strat\u00e9gies.<\/span><\/p>\n<p>[\/et_pb_text][\/et_pb_column][\/et_pb_row][\/et_pb_section][et_pb_section bb_built=\u00a0\u00bb1&Prime; admin_label=\u00a0\u00bbSecci\u00f3n\u00a0\u00bb fullwidth=\u00a0\u00bboff\u00a0\u00bb specialty=\u00a0\u00bboff\u00a0\u00bb transparent_background=\u00a0\u00bboff\u00a0\u00bb allow_player_pause=\u00a0\u00bboff\u00a0\u00bb inner_shadow=\u00a0\u00bboff\u00a0\u00bb parallax=\u00a0\u00bboff\u00a0\u00bb parallax_method=\u00a0\u00bboff\u00a0\u00bb padding_mobile=\u00a0\u00bboff\u00a0\u00bb make_fullwidth=\u00a0\u00bboff\u00a0\u00bb use_custom_width=\u00a0\u00bboff\u00a0\u00bb width_unit=\u00a0\u00bbon\u00a0\u00bb make_equal=\u00a0\u00bboff\u00a0\u00bb use_custom_gutter=\u00a0\u00bboff\u00a0\u00bb prev_background_color=\u00a0\u00bb#ffffff\u00a0\u00bb custom_padding_tablet=\u00a0\u00bb50px|0|50px|0&Prime; custom_padding_last_edited=\u00a0\u00bbon|desktop\u00a0\u00bb next_background_color=\u00a0\u00bb#000000&Prime;][et_pb_row admin_label=\u00a0\u00bbFila\u00a0\u00bb make_fullwidth=\u00a0\u00bboff\u00a0\u00bb use_custom_width=\u00a0\u00bboff\u00a0\u00bb width_unit=\u00a0\u00bbon\u00a0\u00bb use_custom_gutter=\u00a0\u00bboff\u00a0\u00bb padding_mobile=\u00a0\u00bboff\u00a0\u00bb module_id=\u00a0\u00bbetapas\u00a0\u00bb allow_player_pause=\u00a0\u00bboff\u00a0\u00bb parallax=\u00a0\u00bboff\u00a0\u00bb parallax_method=\u00a0\u00bboff\u00a0\u00bb make_equal=\u00a0\u00bboff\u00a0\u00bb column_padding_mobile=\u00a0\u00bbon\u00a0\u00bb background_position=\u00a0\u00bbtop_left\u00a0\u00bb background_repeat=\u00a0\u00bbrepeat\u00a0\u00bb background_size=\u00a0\u00bbinitial\u00a0\u00bb][et_pb_column type=\u00a0\u00bb4_4&Prime;][et_pb_text admin_label=\u00a0\u00bbTexto\u00a0\u00bb background_layout=\u00a0\u00bblight\u00a0\u00bb use_border_color=\u00a0\u00bboff\u00a0\u00bb _builder_version=\u00a0\u00bb3.0.105&Prime;]<\/p>\n<h2><strong>En savoir plus sur le projet<\/strong><\/h2>\n<p><a href=\"https:\/\/equalsaree.org\/fr\/blog\/2019\/02\/08\/une-cour-plus-eg\u2026par-ou-commencer\/\">R\u00e9nover Majorque<\/a>\u00a0| <a href=\"https:\/\/equalsaree.org\/fr\/blog\/2019\/02\/08\/une-cour-plus-eg\u2026par-ou-commencer\/\">L&rsquo;Heure de la r\u00e9cr\u00e9\u00a0<\/a>| <a href=\"https:\/\/equalsaree.org\/fr\/blog\/2019\/02\/08\/une-cour-plus-eg\u2026par-ou-commencer\/\">Pr\u00e9sentation Empatitzem<\/a> | <a href=\"https:\/\/equalsaree.org\/fr\/blog\/2019\/02\/08\/une-cour-plus-eg\u2026par-ou-commencer\/\">R\u00e9nover Barcelone<\/a>\u00a0| <a href=\"https:\/\/equalsaree.org\/fr\/blog\/2019\/02\/08\/une-cour-plus-eg\u2026par-ou-commencer\/\">Fermeture Hack the School<\/a><\/p>\n<p>[\/et_pb_text][\/et_pb_column][\/et_pb_row][et_pb_row admin_label=\u00a0\u00bbFila\u00a0\u00bb background_position=\u00a0\u00bbtop_left\u00a0\u00bb background_repeat=\u00a0\u00bbrepeat\u00a0\u00bb background_size=\u00a0\u00bbinitial\u00a0\u00bb][et_pb_column type=\u00a0\u00bb4_4&Prime;][et_pb_divider admin_label=\u00a0\u00bbSeparador\u00a0\u00bb color=\u00a0\u00bb#777777&Prime; show_divider=\u00a0\u00bbon\u00a0\u00bb divider_style=\u00a0\u00bbsolid\u00a0\u00bb divider_position=\u00a0\u00bbcenter\u00a0\u00bb hide_on_mobile=\u00a0\u00bbon\u00a0\u00bb height=\u00a0\u00bb80&Prime; disabled_on=\u00a0\u00bbon|on|off\u00a0\u00bb \/][\/et_pb_column][\/et_pb_row][et_pb_row admin_label=\u00a0\u00bbFila\u00a0\u00bb padding_mobile=\u00a0\u00bboff\u00a0\u00bb module_id=\u00a0\u00bbfigline\u00a0\u00bb parallax_method=\u00a0\u00bboff\u00a0\u00bb column_padding_mobile=\u00a0\u00bbon\u00a0\u00bb background_position=\u00a0\u00bbtop_left\u00a0\u00bb background_repeat=\u00a0\u00bbrepeat\u00a0\u00bb background_size=\u00a0\u00bbinitial\u00a0\u00bb _builder_version=\u00a0\u00bb3.0.105&Prime;][et_pb_column type=\u00a0\u00bb1_2&Prime;][et_pb_text admin_label=\u00a0\u00bbetapa 1&Prime; background_layout=\u00a0\u00bblight\u00a0\u00bb text_font_size=\u00a0\u00bb12&Prime; use_border_color=\u00a0\u00bboff\u00a0\u00bb text_line_height=\u00a0\u00bb1.4em\u00a0\u00bb _builder_version=\u00a0\u00bb3.0.105&Prime;]<\/p>\n<p>&nbsp;<\/p>\n<h3><strong><b>R\u00e9nover Majorque<\/b><\/strong><\/h3>\n<p><b>Date et lieu : <\/b><span style=\"font-weight: 400;\">24 mars 2018, Palma.<\/span><br \/>\n<b>Client : <\/b><span style=\"font-weight: 400;\">Mairie de Palma, Casal Solleric<\/span><br \/>\n<b>Participants : <\/b>Corps enseignant et familles des cr\u00e8ches, \u00e9coles primaires et secondaires de diff\u00e9rents centres de Majorque.<br \/>\n<b>Dur\u00e9e : <\/b><span style=\"font-weight: 400;\">2 heures.<\/span><\/p>\n<p><span style=\"font-weight: 400;\">Cet atelier s\u2019est r\u00e9alis\u00e9 dans le cadre de<\/span><a href=\"http:\/\/www.rehogar.net\/remoblar\/jornades\/casal-solleric\/\"> <span style=\"font-weight: 400;\">Journ\u00e9es Remoblar Mallorca. Transformer l&rsquo;espace \u00e9ducatif<\/span><\/a><span style=\"font-weight: 400;\">, qui ont consist\u00e9 en deux jours de conf\u00e9rences, d\u00e9bats et ateliers sur l\u2018espace et l\u2019innovation p\u00e9dagogique, en mettant l\u2019accent sur la renaturalisassions, l\u2019\u00e9galit\u00e9 des genres et l\u2019implication dans la communaut\u00e9 \u00e9ducative.<\/span><\/p>\n<p>&nbsp;<\/p>\n<p>[\/et_pb_text][et_pb_text admin_label=\u00a0\u00bbTexto\u00a0\u00bb background_layout=\u00a0\u00bblight\u00a0\u00bb text_orientation=\u00a0\u00bbleft\u00a0\u00bb use_border_color=\u00a0\u00bboff\u00a0\u00bb border_color=\u00a0\u00bb#ffffff\u00a0\u00bb border_style=\u00a0\u00bbsolid\u00a0\u00bb _builder_version=\u00a0\u00bb3.0.105&Prime;]<\/p>\n<h4><a href=\"#etapas\"><img loading=\"lazy\" decoding=\"async\" class=\"alignnone wp-image-445\" src=\"https:\/\/equalsaree.org\/wp-content\/uploads\/2016\/03\/FLECHA-1.png\" alt=\"FLECHA\" width=\"20\" height=\"22\" \/><\/a><\/h4>\n<p>[\/et_pb_text][\/et_pb_column][et_pb_column type=\u00a0\u00bb1_2&Prime;][et_pb_gallery admin_label=\u00a0\u00bbGaler\u00eda\u00a0\u00bb gallery_ids=\u00a0\u00bb3237,3238,3239,3240&Prime; fullwidth=\u00a0\u00bbon\u00a0\u00bb show_title_and_caption=\u00a0\u00bboff\u00a0\u00bb show_pagination=\u00a0\u00bbon\u00a0\u00bb background_layout=\u00a0\u00bblight\u00a0\u00bb auto=\u00a0\u00bbon\u00a0\u00bb hover_overlay_color=\u00a0\u00bbrgba(255,255,255,0.9)\u00a0\u00bb use_border_color=\u00a0\u00bboff\u00a0\u00bb orientation=\u00a0\u00bblandscape\u00a0\u00bb _builder_version=\u00a0\u00bb3.0.105&Prime; zoom_icon_color=\u00a0\u00bb#d6202d\u00a0\u00bb pagination_font_size_tablet=\u00a0\u00bb51&Prime; pagination_line_height_tablet=\u00a0\u00bb2&Prime; \/][\/et_pb_column][\/et_pb_row][et_pb_row admin_label=\u00a0\u00bbFila\u00a0\u00bb background_position=\u00a0\u00bbtop_left\u00a0\u00bb background_repeat=\u00a0\u00bbrepeat\u00a0\u00bb background_size=\u00a0\u00bbinitial\u00a0\u00bb][et_pb_column type=\u00a0\u00bb4_4&Prime;][et_pb_divider admin_label=\u00a0\u00bbSeparador\u00a0\u00bb color=\u00a0\u00bb#777777&Prime; show_divider=\u00a0\u00bbon\u00a0\u00bb divider_style=\u00a0\u00bbsolid\u00a0\u00bb divider_position=\u00a0\u00bbcenter\u00a0\u00bb hide_on_mobile=\u00a0\u00bbon\u00a0\u00bb height=\u00a0\u00bb80&Prime; disabled_on=\u00a0\u00bbon|on|off\u00a0\u00bb \/][\/et_pb_column][\/et_pb_row][et_pb_row admin_label=\u00a0\u00bbFila\u00a0\u00bb padding_mobile=\u00a0\u00bboff\u00a0\u00bb module_id=\u00a0\u00bbfigline\u00a0\u00bb parallax_method=\u00a0\u00bboff\u00a0\u00bb column_padding_mobile=\u00a0\u00bbon\u00a0\u00bb background_position=\u00a0\u00bbtop_left\u00a0\u00bb background_repeat=\u00a0\u00bbrepeat\u00a0\u00bb background_size=\u00a0\u00bbinitial\u00a0\u00bb _builder_version=\u00a0\u00bb3.0.105&Prime;][et_pb_column type=\u00a0\u00bb1_2&Prime;][et_pb_text admin_label=\u00a0\u00bbetapa 2&Prime; background_layout=\u00a0\u00bblight\u00a0\u00bb text_font_size=\u00a0\u00bb12&Prime; use_border_color=\u00a0\u00bboff\u00a0\u00bb text_line_height=\u00a0\u00bb1.4em\u00a0\u00bb _builder_version=\u00a0\u00bb3.0.105&Prime;]<\/p>\n<p>&nbsp;<\/p>\n<h3><b>L&rsquo;heure de la r\u00e9cr\u00e9<\/b><\/h3>\n<p><b>Date et lieu : <\/b><span style=\"font-weight: 400;\">2 d\u00e9cembre 2017, Amposta.<\/span><br \/>\n<b>Client :<\/b><span style=\"font-weight: 400;\"> Lo Pati. Centre d\u2019art Terres de l\u2019Ebre.<\/span><br \/>\n<b>Participants : <\/b>Corps enseignant et familles des cr\u00e8ches, \u00e9coles primaires et secondaires de diff\u00e9rents centres de Amposta.<br \/>\n<b>Dur\u00e9e : <\/b><span style=\"font-weight: 400;\">2 heures.<\/span><\/p>\n<p><span style=\"font-weight: 400;\">Cet atelier s\u2019est r\u00e9alis\u00e9 dans le cadre de<\/span> <span style=\"font-weight: 400;\">\u00a0l\u2019<\/span><a href=\"https:\/\/aula.lopati.cat\/presentacio\/\"><span style=\"font-weight: 400;\">Aula al Pati<\/span><\/a><span style=\"font-weight: 400;\">, cette \u00e9dition avec le leitmotiv<\/span><a href=\"https:\/\/aula.lopati.cat\/jornada\/l-hora-del-pati\/\"> <span style=\"font-weight: 400;\">L\u2019Hora del pati<\/span><\/a><span style=\"font-weight: 400;\"> (l\u2018heure de la r\u00e9cr\u00e9).L\u2019atelier a \u00e9t\u00e9 une proposition pour que les personnes participantes interrogent les espaces et usages des cours d&rsquo;\u00e9cole, comme lieux d\u2019\u00e9ducation, qui transmettent des valeurs et des normes sociales.<\/span><\/p>\n<p>&nbsp;<\/p>\n<p>[\/et_pb_text][et_pb_text admin_label=\u00a0\u00bbTexto\u00a0\u00bb background_layout=\u00a0\u00bblight\u00a0\u00bb text_orientation=\u00a0\u00bbleft\u00a0\u00bb use_border_color=\u00a0\u00bboff\u00a0\u00bb border_color=\u00a0\u00bb#ffffff\u00a0\u00bb border_style=\u00a0\u00bbsolid\u00a0\u00bb background_position=\u00a0\u00bbtop_left\u00a0\u00bb background_repeat=\u00a0\u00bbrepeat\u00a0\u00bb background_size=\u00a0\u00bbinitial\u00a0\u00bb _builder_version=\u00a0\u00bb3.0.105&Prime;]<\/p>\n<h4><a href=\"#etapas\"><img loading=\"lazy\" decoding=\"async\" class=\"alignnone wp-image-445\" src=\"https:\/\/equalsaree.org\/wp-content\/uploads\/2016\/03\/FLECHA-1.png\" alt=\"FLECHA\" width=\"20\" height=\"22\" \/><\/a><\/h4>\n<p>[\/et_pb_text][\/et_pb_column][et_pb_column type=\u00a0\u00bb1_2&Prime;][et_pb_gallery admin_label=\u00a0\u00bbGaler\u00eda\u00a0\u00bb gallery_ids=\u00a0\u00bb3231,3232,3233,3234&Prime; fullwidth=\u00a0\u00bbon\u00a0\u00bb show_title_and_caption=\u00a0\u00bboff\u00a0\u00bb show_pagination=\u00a0\u00bbon\u00a0\u00bb background_layout=\u00a0\u00bblight\u00a0\u00bb auto=\u00a0\u00bbon\u00a0\u00bb hover_overlay_color=\u00a0\u00bbrgba(255,255,255,0.9)\u00a0\u00bb use_border_color=\u00a0\u00bboff\u00a0\u00bb orientation=\u00a0\u00bblandscape\u00a0\u00bb _builder_version=\u00a0\u00bb3.0.105&Prime; zoom_icon_color=\u00a0\u00bb#d6202d\u00a0\u00bb pagination_font_size_tablet=\u00a0\u00bb51&Prime; pagination_line_height_tablet=\u00a0\u00bb2&Prime; \/][\/et_pb_column][\/et_pb_row][et_pb_row admin_label=\u00a0\u00bbFila\u00a0\u00bb background_position=\u00a0\u00bbtop_left\u00a0\u00bb background_repeat=\u00a0\u00bbrepeat\u00a0\u00bb background_size=\u00a0\u00bbinitial\u00a0\u00bb][et_pb_column type=\u00a0\u00bb4_4&Prime;][et_pb_divider admin_label=\u00a0\u00bbSeparador\u00a0\u00bb color=\u00a0\u00bb#777777&Prime; show_divider=\u00a0\u00bbon\u00a0\u00bb divider_style=\u00a0\u00bbsolid\u00a0\u00bb divider_position=\u00a0\u00bbcenter\u00a0\u00bb hide_on_mobile=\u00a0\u00bbon\u00a0\u00bb height=\u00a0\u00bb80&Prime; disabled_on=\u00a0\u00bbon|on|off\u00a0\u00bb \/][\/et_pb_column][\/et_pb_row][et_pb_row admin_label=\u00a0\u00bbFila\u00a0\u00bb padding_mobile=\u00a0\u00bboff\u00a0\u00bb module_id=\u00a0\u00bbfigline\u00a0\u00bb parallax_method=\u00a0\u00bboff\u00a0\u00bb column_padding_mobile=\u00a0\u00bbon\u00a0\u00bb background_position=\u00a0\u00bbtop_left\u00a0\u00bb background_repeat=\u00a0\u00bbrepeat\u00a0\u00bb background_size=\u00a0\u00bbinitial\u00a0\u00bb _builder_version=\u00a0\u00bb3.0.105&Prime;][et_pb_column type=\u00a0\u00bb1_2&Prime;][et_pb_text admin_label=\u00a0\u00bbetapa 3&Prime; background_layout=\u00a0\u00bblight\u00a0\u00bb text_font_size=\u00a0\u00bb12&Prime; use_border_color=\u00a0\u00bboff\u00a0\u00bb text_line_height=\u00a0\u00bb1.4em\u00a0\u00bb _builder_version=\u00a0\u00bb3.0.105&Prime;]<\/p>\n<p>&nbsp;<\/p>\n<h3><b>Pr\u00e9sentation Empatitzem<\/b><\/h3>\n<p><b>Date et lieu: <\/b><span style=\"font-weight: 400;\">9 novembre 2017, Santa Coloma de Gramenet. <\/span><br \/>\n<b>Client : <\/b><span style=\"font-weight: 400;\">Mairie de Santa Coloma de Gramenet.<\/span><br \/>\n<b>Participants: <\/b><span style=\"font-weight: 400;\">Corps enseignant des \u00e9coles publiques de Santa Coloma de Gramenet.<\/span><br \/>\n<b>Dur\u00e9e : <\/b><span style=\"font-weight: 400;\">2 heures.<\/span><\/p>\n<p><span style=\"font-weight: 400;\">Cet atelier s\u2019est r\u00e9alis\u00e9 dans le cadre de la Journ\u00e9e de pr\u00e9sentation d\u2019<\/span><a href=\"https:\/\/www.gramenet.cat\/ajuntament\/arees-municipals\/educacio\/projectes-educatius\/empatitzem\/\"> <span style=\"font-weight: 400;\">Empatitzem<\/span><\/a><span style=\"font-weight: 400;\">, un projet qui cherche \u00e0 g\u00e9n\u00e9rer des espaces o\u00f9 coexistent diff\u00e9rents jeux depuis l\u2019\u00e9galit\u00e9 des genres, l\u2019inclusion et le vivre ensemble. L\u2019atelier sert, pour commencer, \u00e0 prendre conscience des in\u00e9galit\u00e9s qui se produisent dans la cour des \u00e9coles primaires et \u00e0 g\u00e9n\u00e9rer collectivement des crit\u00e8res de conception pour les repenser en incluant la dimension du genre. Le corps enseignant de 14 \u00e9coles de la commune a particip\u00e9.<\/span><\/p>\n<p>&nbsp;<\/p>\n<p>[\/et_pb_text][et_pb_text admin_label=\u00a0\u00bbTexto\u00a0\u00bb background_layout=\u00a0\u00bblight\u00a0\u00bb text_orientation=\u00a0\u00bbleft\u00a0\u00bb use_border_color=\u00a0\u00bboff\u00a0\u00bb border_color=\u00a0\u00bb#ffffff\u00a0\u00bb border_style=\u00a0\u00bbsolid\u00a0\u00bb background_position=\u00a0\u00bbtop_left\u00a0\u00bb background_repeat=\u00a0\u00bbrepeat\u00a0\u00bb background_size=\u00a0\u00bbinitial\u00a0\u00bb _builder_version=\u00a0\u00bb3.0.105&Prime;]<\/p>\n<h4><a href=\"#etapas\"><img loading=\"lazy\" decoding=\"async\" class=\"alignnone wp-image-445\" src=\"https:\/\/equalsaree.org\/wp-content\/uploads\/2016\/03\/FLECHA-1.png\" alt=\"FLECHA\" width=\"20\" height=\"22\" \/><\/a><\/h4>\n<p>[\/et_pb_text][\/et_pb_column][et_pb_column type=\u00a0\u00bb1_2&Prime;][et_pb_gallery admin_label=\u00a0\u00bbGaler\u00eda\u00a0\u00bb gallery_ids=\u00a0\u00bb3221,3222,3223,3224&Prime; fullwidth=\u00a0\u00bbon\u00a0\u00bb show_title_and_caption=\u00a0\u00bboff\u00a0\u00bb show_pagination=\u00a0\u00bbon\u00a0\u00bb background_layout=\u00a0\u00bblight\u00a0\u00bb auto=\u00a0\u00bbon\u00a0\u00bb hover_overlay_color=\u00a0\u00bbrgba(255,255,255,0.9)\u00a0\u00bb use_border_color=\u00a0\u00bboff\u00a0\u00bb orientation=\u00a0\u00bblandscape\u00a0\u00bb _builder_version=\u00a0\u00bb3.0.105&Prime; zoom_icon_color=\u00a0\u00bb#d6202d\u00a0\u00bb pagination_font_size_tablet=\u00a0\u00bb51&Prime; pagination_line_height_tablet=\u00a0\u00bb2&Prime; \/][\/et_pb_column][\/et_pb_row][et_pb_row admin_label=\u00a0\u00bbFila\u00a0\u00bb background_position=\u00a0\u00bbtop_left\u00a0\u00bb background_repeat=\u00a0\u00bbrepeat\u00a0\u00bb background_size=\u00a0\u00bbinitial\u00a0\u00bb][et_pb_column type=\u00a0\u00bb4_4&Prime;][et_pb_divider admin_label=\u00a0\u00bbSeparador\u00a0\u00bb color=\u00a0\u00bb#777777&Prime; show_divider=\u00a0\u00bbon\u00a0\u00bb divider_style=\u00a0\u00bbsolid\u00a0\u00bb divider_position=\u00a0\u00bbcenter\u00a0\u00bb hide_on_mobile=\u00a0\u00bbon\u00a0\u00bb height=\u00a0\u00bb80&Prime; disabled_on=\u00a0\u00bbon|on|off\u00a0\u00bb \/][\/et_pb_column][\/et_pb_row][et_pb_row admin_label=\u00a0\u00bbFila\u00a0\u00bb padding_mobile=\u00a0\u00bboff\u00a0\u00bb module_id=\u00a0\u00bbfigline\u00a0\u00bb parallax_method=\u00a0\u00bboff\u00a0\u00bb column_padding_mobile=\u00a0\u00bbon\u00a0\u00bb background_position=\u00a0\u00bbtop_left\u00a0\u00bb background_repeat=\u00a0\u00bbrepeat\u00a0\u00bb background_size=\u00a0\u00bbinitial\u00a0\u00bb _builder_version=\u00a0\u00bb3.0.105&Prime;][et_pb_column type=\u00a0\u00bb1_2&Prime;][et_pb_text admin_label=\u00a0\u00bbetapa 4&Prime; background_layout=\u00a0\u00bblight\u00a0\u00bb text_font_size=\u00a0\u00bb12&Prime; use_border_color=\u00a0\u00bboff\u00a0\u00bb text_line_height=\u00a0\u00bb1.4em\u00a0\u00bb _builder_version=\u00a0\u00bb3.0.105&Prime;]<\/p>\n<h3><b>R\u00e9nover Barcelone<\/b><\/h3>\n<p><b>Date et lieu: <\/b><span style=\"font-weight: 400;\">30 septembre 2017, Barcelone<\/span><br \/>\n<b>Client: <\/b><a href=\"http:\/\/www.rehogar.net\/\"><span style=\"font-weight: 400;\">Rehogar<\/span><\/a><br \/>\n<b>Participants:<\/b> <span style=\"font-weight: 400;\">Corps enseignant <\/span><span style=\"font-weight: 400;\">et \u00a0professionnels de l\u2019architecture et du design.<\/span><br \/>\n<b>Dur\u00e9e : <\/b><span style=\"font-weight: 400;\">2 heures.<\/span><\/p>\n<p><span style=\"font-weight: 400;\">Cet atelier s\u2019est r\u00e9alis\u00e9 dans le cadre de <\/span><span style=\"font-weight: 400;\">la neuvi\u00e8me \u00e9dition de<\/span><a href=\"http:\/\/rehogar.net\/\"><span style=\"font-weight: 400;\"> REHOGAR: Dise\u00f1o Abierto y Reutilitzaci\u00f3<\/span><\/a><span style=\"font-weight: 400;\">n. L\u2019atelier s\u2019est r\u00e9alis\u00e9 durant une des quatre sessions de travail, durant laquelle l\u2019accent a \u00e9t\u00e9 mis sur les relations de genre dans les espaces \u00e9ducatifs. Ont particip\u00e9 des personnes du corps enseignants, des architectes, avec l\u2019objectif de r\u00e9aliser une enqu\u00eate commune, en analysant comment sont les espaces \u00e9ducatifs et comment ils devraient \u00eatre, quelles sont leurs limites et ainsi comment pouvoir les transformer et quelles exp\u00e9riences ont d\u00e9j\u00e0 \u00e9t\u00e9 men\u00e9es.<\/span><\/p>\n<p>[\/et_pb_text][et_pb_text admin_label=\u00a0\u00bbTexto\u00a0\u00bb background_layout=\u00a0\u00bblight\u00a0\u00bb text_orientation=\u00a0\u00bbleft\u00a0\u00bb use_border_color=\u00a0\u00bboff\u00a0\u00bb border_color=\u00a0\u00bb#ffffff\u00a0\u00bb border_style=\u00a0\u00bbsolid\u00a0\u00bb background_position=\u00a0\u00bbtop_left\u00a0\u00bb background_repeat=\u00a0\u00bbrepeat\u00a0\u00bb background_size=\u00a0\u00bbinitial\u00a0\u00bb _builder_version=\u00a0\u00bb3.0.105&Prime;]<\/p>\n<h4><a href=\"#etapas\"><img loading=\"lazy\" decoding=\"async\" class=\"alignnone wp-image-445\" src=\"https:\/\/equalsaree.org\/wp-content\/uploads\/2016\/03\/FLECHA-1.png\" alt=\"FLECHA\" width=\"20\" height=\"22\" \/><\/a><\/h4>\n<p>[\/et_pb_text][\/et_pb_column][et_pb_column type=\u00a0\u00bb1_2&Prime;][et_pb_gallery admin_label=\u00a0\u00bbGaler\u00eda\u00a0\u00bb gallery_ids=\u00a0\u00bb3219,3220,3218,3217&Prime; fullwidth=\u00a0\u00bbon\u00a0\u00bb show_title_and_caption=\u00a0\u00bboff\u00a0\u00bb show_pagination=\u00a0\u00bbon\u00a0\u00bb background_layout=\u00a0\u00bblight\u00a0\u00bb auto=\u00a0\u00bbon\u00a0\u00bb hover_overlay_color=\u00a0\u00bbrgba(255,255,255,0.9)\u00a0\u00bb use_border_color=\u00a0\u00bboff\u00a0\u00bb orientation=\u00a0\u00bblandscape\u00a0\u00bb _builder_version=\u00a0\u00bb3.0.105&Prime; zoom_icon_color=\u00a0\u00bb#d6202d\u00a0\u00bb pagination_font_size_tablet=\u00a0\u00bb51&Prime; pagination_line_height_tablet=\u00a0\u00bb2&Prime; \/][\/et_pb_column][\/et_pb_row][et_pb_row admin_label=\u00a0\u00bbFila\u00a0\u00bb background_position=\u00a0\u00bbtop_left\u00a0\u00bb background_repeat=\u00a0\u00bbrepeat\u00a0\u00bb background_size=\u00a0\u00bbinitial\u00a0\u00bb][et_pb_column type=\u00a0\u00bb4_4&Prime;][et_pb_divider admin_label=\u00a0\u00bbSeparador\u00a0\u00bb color=\u00a0\u00bb#777777&Prime; show_divider=\u00a0\u00bbon\u00a0\u00bb divider_style=\u00a0\u00bbsolid\u00a0\u00bb divider_position=\u00a0\u00bbcenter\u00a0\u00bb hide_on_mobile=\u00a0\u00bbon\u00a0\u00bb height=\u00a0\u00bb80&Prime; disabled_on=\u00a0\u00bbon|on|off\u00a0\u00bb \/][\/et_pb_column][\/et_pb_row][et_pb_row admin_label=\u00a0\u00bbFila\u00a0\u00bb padding_mobile=\u00a0\u00bboff\u00a0\u00bb module_id=\u00a0\u00bbfigline\u00a0\u00bb parallax_method=\u00a0\u00bboff\u00a0\u00bb column_padding_mobile=\u00a0\u00bbon\u00a0\u00bb background_position=\u00a0\u00bbtop_left\u00a0\u00bb background_repeat=\u00a0\u00bbrepeat\u00a0\u00bb background_size=\u00a0\u00bbinitial\u00a0\u00bb _builder_version=\u00a0\u00bb3.0.105&Prime;][et_pb_column type=\u00a0\u00bb1_2&Prime;][et_pb_text admin_label=\u00a0\u00bbetapa 5&Prime; background_layout=\u00a0\u00bblight\u00a0\u00bb text_font_size=\u00a0\u00bb12&Prime; use_border_color=\u00a0\u00bboff\u00a0\u00bb text_line_height=\u00a0\u00bb1.4em\u00a0\u00bb _builder_version=\u00a0\u00bb3.0.105&Prime;]<\/p>\n<h3><b>Fermeture Hack the School<\/b><\/h3>\n<p><b>Date et lieu: <\/b><span style=\"font-weight: 400;\">17 juin 2017, Barcelone.<\/span><br \/>\n<b>Client: <\/b><a href=\"http:\/\/www.fbofill.cat\/\"><span style=\"font-weight: 400;\">Fundaci\u00f3 Jaume Bofill<\/span><\/a><br \/>\n<b>Participants:<\/b><span style=\"font-weight: 400;\"> \u00c9coles participantes au projet \u2018Hack the school\u2019.<\/span><br \/>\n<b>Dur\u00e9e : <\/b><span style=\"font-weight: 400;\">2 heures.<\/span><\/p>\n<p><b><br \/>\n<a href=\"https:\/\/educaciodema.cat\/crides\/hack-the-school\/hack-school\"><span style=\"font-weight: 400;\">Hack The School<\/span><\/a><span style=\"font-weight: 400;\">, est n\u00e9 comme un pari pour r\u00e9fl\u00e9chir et exp\u00e9rimenter sur la r\u00e9organisation et la transformation des espaces scolaires comme \u00e9l\u00e9ments catalyseurs d\u2019un changement plus profond, tant au niveau \u00e9ducatif comme au niveau communautaire. La fermeture a \u00e9t\u00e9 un moment d\u2019\u00e9change d\u2019exp\u00e9riences, d\u2019apprentissages et de solutions que les centres ont d\u00e9velopp\u00e9 avec la communaut\u00e9 \u00e9ducative. Cela a aussi \u00e9t\u00e9 un moment de r\u00e9flexion et de travail avec diff\u00e9rents ateliers, \u00e0 l\u2019int\u00e9rieur desquels notre proposition a \u00e9t\u00e9 de mettre l\u2019accent sur : repenser la conception de la cour pour obtenir une meilleure \u00e9galit\u00e9 entre filles et gar\u00e7ons.<\/span><\/b><\/p>\n<p>[\/et_pb_text][et_pb_text admin_label=\u00a0\u00bbTexto\u00a0\u00bb background_layout=\u00a0\u00bblight\u00a0\u00bb text_orientation=\u00a0\u00bbleft\u00a0\u00bb use_border_color=\u00a0\u00bboff\u00a0\u00bb border_color=\u00a0\u00bb#ffffff\u00a0\u00bb border_style=\u00a0\u00bbsolid\u00a0\u00bb background_position=\u00a0\u00bbtop_left\u00a0\u00bb background_repeat=\u00a0\u00bbrepeat\u00a0\u00bb background_size=\u00a0\u00bbinitial\u00a0\u00bb _builder_version=\u00a0\u00bb3.0.105&Prime;]<\/p>\n<h4><a href=\"#etapas\"><img loading=\"lazy\" decoding=\"async\" class=\"alignnone wp-image-445\" src=\"https:\/\/equalsaree.org\/wp-content\/uploads\/2016\/03\/FLECHA-1.png\" alt=\"FLECHA\" width=\"20\" height=\"22\" \/><\/a><\/h4>\n<p>[\/et_pb_text][\/et_pb_column][et_pb_column type=\u00a0\u00bb1_2&Prime;][et_pb_gallery admin_label=\u00a0\u00bbGaler\u00eda\u00a0\u00bb gallery_ids=\u00a0\u00bb3225,3226,3227,3228&Prime; fullwidth=\u00a0\u00bbon\u00a0\u00bb show_title_and_caption=\u00a0\u00bboff\u00a0\u00bb show_pagination=\u00a0\u00bbon\u00a0\u00bb background_layout=\u00a0\u00bblight\u00a0\u00bb auto=\u00a0\u00bbon\u00a0\u00bb hover_overlay_color=\u00a0\u00bbrgba(255,255,255,0.9)\u00a0\u00bb use_border_color=\u00a0\u00bboff\u00a0\u00bb orientation=\u00a0\u00bblandscape\u00a0\u00bb _builder_version=\u00a0\u00bb3.0.105&Prime; zoom_icon_color=\u00a0\u00bb#d6202d\u00a0\u00bb pagination_font_size_tablet=\u00a0\u00bb51&Prime; pagination_line_height_tablet=\u00a0\u00bb2&Prime; \/][\/et_pb_column][\/et_pb_row][et_pb_row admin_label=\u00a0\u00bbFila\u00a0\u00bb background_position=\u00a0\u00bbtop_left\u00a0\u00bb background_repeat=\u00a0\u00bbrepeat\u00a0\u00bb background_size=\u00a0\u00bbinitial\u00a0\u00bb][et_pb_column type=\u00a0\u00bb4_4&Prime;][et_pb_divider admin_label=\u00a0\u00bbSeparador\u00a0\u00bb color=\u00a0\u00bb#777777&Prime; show_divider=\u00a0\u00bbon\u00a0\u00bb divider_style=\u00a0\u00bbsolid\u00a0\u00bb divider_position=\u00a0\u00bbcenter\u00a0\u00bb hide_on_mobile=\u00a0\u00bbon\u00a0\u00bb height=\u00a0\u00bb80&Prime; disabled_on=\u00a0\u00bbon|on|off\u00a0\u00bb \/][et_pb_divider admin_label=\u00a0\u00bbSeparador\u00a0\u00bb color=\u00a0\u00bb#ffffff\u00a0\u00bb show_divider=\u00a0\u00bboff\u00a0\u00bb divider_style=\u00a0\u00bbsolid\u00a0\u00bb divider_position=\u00a0\u00bbtop\u00a0\u00bb hide_on_mobile=\u00a0\u00bbon\u00a0\u00bb disabled_on=\u00a0\u00bbon|on|off\u00a0\u00bb \/][\/et_pb_column][\/et_pb_row][et_pb_row admin_label=\u00a0\u00bbFila\u00a0\u00bb background_position=\u00a0\u00bbtop_left\u00a0\u00bb background_repeat=\u00a0\u00bbrepeat\u00a0\u00bb background_size=\u00a0\u00bbinitial\u00a0\u00bb][et_pb_column type=\u00a0\u00bb4_4&Prime;][et_pb_text admin_label=\u00a0\u00bbTexto\u00a0\u00bb background_layout=\u00a0\u00bblight\u00a0\u00bb use_border_color=\u00a0\u00bboff\u00a0\u00bb _builder_version=\u00a0\u00bb3.0.105&Prime;]<\/p>\n<h2><strong>Autres projets<\/strong><\/h2>\n<p>[\/et_pb_text][et_pb_divider admin_label=\u00a0\u00bbSeparador\u00a0\u00bb color=\u00a0\u00bb#ffffff\u00a0\u00bb show_divider=\u00a0\u00bboff\u00a0\u00bb divider_style=\u00a0\u00bbsolid\u00a0\u00bb divider_position=\u00a0\u00bbtop\u00a0\u00bb hide_on_mobile=\u00a0\u00bbon\u00a0\u00bb disabled_on=\u00a0\u00bbon|on|off\u00a0\u00bb \/][et_pb_blog fullwidth=\u00a0\u00bboff\u00a0\u00bb include_categories=\u00a0\u00bb3&Prime; show_thumbnail=\u00a0\u00bbon\u00a0\u00bb show_content=\u00a0\u00bboff\u00a0\u00bb show_more=\u00a0\u00bbon\u00a0\u00bb show_author=\u00a0\u00bboff\u00a0\u00bb show_date=\u00a0\u00bboff\u00a0\u00bb show_categories=\u00a0\u00bboff\u00a0\u00bb show_comments=\u00a0\u00bboff\u00a0\u00bb show_pagination=\u00a0\u00bbon\u00a0\u00bb offset_number=\u00a0\u00bb0&Prime; background_layout=\u00a0\u00bblight\u00a0\u00bb use_dropshadow=\u00a0\u00bboff\u00a0\u00bb use_border_color=\u00a0\u00bbon\u00a0\u00bb border_color=\u00a0\u00bb#ffffff\u00a0\u00bb border_style=\u00a0\u00bbsolid\u00a0\u00bb masonry_tile_background_color=\u00a0\u00bb#ffffff\u00a0\u00bb header_font=\u00a0\u00bb|on|||\u00a0\u00bb border_width=\u00a0\u00bb0px\u00a0\u00bb body_line_height=\u00a0\u00bb1.4em\u00a0\u00bb posts_number=\u00a0\u00bb3&Prime; border_color_all=\u00a0\u00bb#ffffff\u00a0\u00bb border_width_all=\u00a0\u00bb0px\u00a0\u00bb border_style_all=\u00a0\u00bbsolid\u00a0\u00bb border_color_all_fullwidth=\u00a0\u00bb#ffffff\u00a0\u00bb border_width_all_fullwidth=\u00a0\u00bb0px\u00a0\u00bb border_style_all_fullwidth=\u00a0\u00bbsolid\u00a0\u00bb box_shadow_color=\u00a0\u00bbrgba(0,0,0,0.3)\u00a0\u00bb box_shadow_style=\u00a0\u00bbnone\u00a0\u00bb \/][\/et_pb_column][\/et_pb_row][\/et_pb_section]<\/p>\n","protected":false},"excerpt":{"rendered":"<p>Une cour plus \u00e9galitaire, par o\u00f9 commencer ? Atelier de sensibilisation aux in\u00e9galit\u00e9s de genre dans la cour de r\u00e9cr\u00e9ation L\u2019objectif de cet atelier est la prise de conscience des in\u00e9galit\u00e9s qui se produisent dans la cour des \u00e9coles et g\u00e9n\u00e9rer collectivement des crit\u00e8res de conception pour les repenser en incluant la dimension du genre. [&hellip;]<\/p>\n","protected":false},"author":7,"featured_media":4291,"comment_status":"closed","ping_status":"closed","sticky":false,"template":"","format":"standard","meta":{"_seopress_robots_primary_cat":"","_seopress_titles_title":"","_seopress_titles_desc":"","_seopress_robots_index":"","_et_pb_use_builder":"on","_et_pb_old_content":"Welcome to WordPress. This is your first post. Edit or delete it, then start writing!","_et_gb_content_width":"","footnotes":""},"categories":[57],"tags":[],"class_list":["post-3210","post","type-post","status-publish","format-standard","has-post-thumbnail","hentry","category-projectes-fr"],"_links":{"self":[{"href":"https:\/\/equalsaree.org\/fr\/wp-json\/wp\/v2\/posts\/3210","targetHints":{"allow":["GET"]}}],"collection":[{"href":"https:\/\/equalsaree.org\/fr\/wp-json\/wp\/v2\/posts"}],"about":[{"href":"https:\/\/equalsaree.org\/fr\/wp-json\/wp\/v2\/types\/post"}],"author":[{"embeddable":true,"href":"https:\/\/equalsaree.org\/fr\/wp-json\/wp\/v2\/users\/7"}],"replies":[{"embeddable":true,"href":"https:\/\/equalsaree.org\/fr\/wp-json\/wp\/v2\/comments?post=3210"}],"version-history":[{"count":0,"href":"https:\/\/equalsaree.org\/fr\/wp-json\/wp\/v2\/posts\/3210\/revisions"}],"wp:featuredmedia":[{"embeddable":true,"href":"https:\/\/equalsaree.org\/fr\/wp-json\/wp\/v2\/media\/4291"}],"wp:attachment":[{"href":"https:\/\/equalsaree.org\/fr\/wp-json\/wp\/v2\/media?parent=3210"}],"wp:term":[{"taxonomy":"category","embeddable":true,"href":"https:\/\/equalsaree.org\/fr\/wp-json\/wp\/v2\/categories?post=3210"},{"taxonomy":"post_tag","embeddable":true,"href":"https:\/\/equalsaree.org\/fr\/wp-json\/wp\/v2\/tags?post=3210"}],"curies":[{"name":"wp","href":"https:\/\/api.w.org\/{rel}","templated":true}]}}