{"id":2776,"date":"2018-03-26T08:37:29","date_gmt":"2018-03-26T08:37:29","guid":{"rendered":"https:\/\/equalsaree.org\/?p=2776"},"modified":"2020-03-16T15:43:24","modified_gmt":"2020-03-16T15:43:24","slug":"participe-santa-coloma","status":"publish","type":"post","link":"https:\/\/equalsaree.org\/fr\/blog\/2018\/03\/26\/participe-santa-coloma\/","title":{"rendered":"Participe, Santa Coloma!"},"content":{"rendered":"<p>[et_pb_section bb_built=\u00a0\u00bb1&Prime; admin_label=\u00a0\u00bbsection\u00a0\u00bb next_background_color=\u00a0\u00bb#000000&Prime;][et_pb_row admin_label=\u00a0\u00bbrow\u00a0\u00bb background_position=\u00a0\u00bbtop_left\u00a0\u00bb background_repeat=\u00a0\u00bbrepeat\u00a0\u00bb background_size=\u00a0\u00bbinitial\u00a0\u00bb][et_pb_column type=\u00a0\u00bb1_2&Prime;][et_pb_image admin_label=\u00a0\u00bbImagen\u00a0\u00bb src=\u00a0\u00bbhttps:\/\/equalsaree.org\/wp-content\/uploads\/2016\/09\/06_-Mobilitzat-0.jpg\u00a0\u00bb show_in_lightbox=\u00a0\u00bboff\u00a0\u00bb url_new_window=\u00a0\u00bboff\u00a0\u00bb align=\u00a0\u00bbleft\u00a0\u00bb force_fullwidth=\u00a0\u00bboff\u00a0\u00bb always_center_on_mobile=\u00a0\u00bbon\u00a0\u00bb use_border_color=\u00a0\u00bboff\u00a0\u00bb use_overlay=\u00a0\u00bboff\u00a0\u00bb animation_style=\u00a0\u00bbslide\u00a0\u00bb animation_duration=\u00a0\u00bb500ms\u00a0\u00bb animation_intensity_slide=\u00a0\u00bb10%\u00a0\u00bb animation_direction=\u00a0\u00bbleft\u00a0\u00bb show_bottom_space=\u00a0\u00bbon\u00a0\u00bb _builder_version=\u00a0\u00bb3.0.105&Prime; \/][\/et_pb_column][et_pb_column type=\u00a0\u00bb1_2&Prime;][et_pb_text admin_label=\u00a0\u00bbTexto\u00a0\u00bb background_layout=\u00a0\u00bblight\u00a0\u00bb text_font_size=\u00a0\u00bb12&Prime; use_border_color=\u00a0\u00bboff\u00a0\u00bb text_line_height=\u00a0\u00bb1.4em\u00a0\u00bb _builder_version=\u00a0\u00bb3.0.105&Prime;]<\/p>\n<p>&nbsp;<\/p>\n<h2><strong><b>Participe, Santa Coloma!<\/b><\/strong><\/h2>\n<p><span style=\"font-weight: 400;\">\u201cParticipe Santa Coloma\u201d, recueille les informations obtenues lors des ateliers participatifs avec les habitant\u00b7es et a pour objectif de faire un diagnostic portant sur la qualit\u00e9 urbaine et sur la mobilit\u00e9. Tout au long des diff\u00e9rentes activit\u00e9s, des recommandations sont transmises \u00e0 la municipalit\u00e9 quant aux nouvelles politiques de transformation urbaine de la ville. De plus, l\u2019objectif de ces ateliers est de promouvoir un urbanisme de proximit\u00e9 qui prenne en compte les exp\u00e9riences des personnes, dans toute leur diversit\u00e9 et complexit\u00e9. <\/span><\/p>\n<p><b>Date et lieu : <\/b><span style=\"font-weight: 400;\">2015-2016, Santa Coloma de Gramenet.<\/span><\/p>\n<p><b>Client: <\/b><span style=\"font-weight: 400;\">Mairie de Santa Coloma de Gramenet.<\/span><\/p>\n<p>&nbsp;<\/p>\n<p>[\/et_pb_text][\/et_pb_column][\/et_pb_row][\/et_pb_section][et_pb_section bb_built=\u00a0\u00bb1&Prime; admin_label=\u00a0\u00bbSecci\u00f3n\u00a0\u00bb fullwidth=\u00a0\u00bboff\u00a0\u00bb specialty=\u00a0\u00bboff\u00a0\u00bb transparent_background=\u00a0\u00bboff\u00a0\u00bb allow_player_pause=\u00a0\u00bboff\u00a0\u00bb inner_shadow=\u00a0\u00bboff\u00a0\u00bb parallax=\u00a0\u00bboff\u00a0\u00bb parallax_method=\u00a0\u00bboff\u00a0\u00bb padding_mobile=\u00a0\u00bboff\u00a0\u00bb make_fullwidth=\u00a0\u00bboff\u00a0\u00bb use_custom_width=\u00a0\u00bboff\u00a0\u00bb width_unit=\u00a0\u00bbon\u00a0\u00bb make_equal=\u00a0\u00bboff\u00a0\u00bb use_custom_gutter=\u00a0\u00bboff\u00a0\u00bb prev_background_color=\u00a0\u00bb#ffffff\u00a0\u00bb custom_padding_tablet=\u00a0\u00bb50px|0|50px|0&Prime; custom_padding_last_edited=\u00a0\u00bbon|desktop\u00a0\u00bb next_background_color=\u00a0\u00bb#000000&Prime;][et_pb_row admin_label=\u00a0\u00bbFila\u00a0\u00bb make_fullwidth=\u00a0\u00bboff\u00a0\u00bb use_custom_width=\u00a0\u00bboff\u00a0\u00bb width_unit=\u00a0\u00bbon\u00a0\u00bb use_custom_gutter=\u00a0\u00bboff\u00a0\u00bb padding_mobile=\u00a0\u00bboff\u00a0\u00bb module_id=\u00a0\u00bbetapas\u00a0\u00bb allow_player_pause=\u00a0\u00bboff\u00a0\u00bb parallax=\u00a0\u00bboff\u00a0\u00bb parallax_method=\u00a0\u00bboff\u00a0\u00bb make_equal=\u00a0\u00bboff\u00a0\u00bb column_padding_mobile=\u00a0\u00bbon\u00a0\u00bb background_position=\u00a0\u00bbtop_left\u00a0\u00bb background_repeat=\u00a0\u00bbrepeat\u00a0\u00bb background_size=\u00a0\u00bbinitial\u00a0\u00bb][et_pb_column type=\u00a0\u00bb4_4&Prime;][et_pb_text admin_label=\u00a0\u00bbTexto\u00a0\u00bb background_layout=\u00a0\u00bblight\u00a0\u00bb use_border_color=\u00a0\u00bboff\u00a0\u00bb _builder_version=\u00a0\u00bb3.0.105&Prime;]<\/p>\n<p>&nbsp;<\/p>\n<h2><strong>En savoir plus sur le projet<\/strong><\/h2>\n<p><a href=\"#etapa1\">Mobilise-toi!<\/a>\u00a0| <a href=\"#etapa2\" target=\"_blank\" rel=\"noopener noreferrer\">La ville \u00e0 travers le prisme du genre<\/a><\/p>\n<p>&nbsp;<\/p>\n<p>[\/et_pb_text][\/et_pb_column][\/et_pb_row][et_pb_row admin_label=\u00a0\u00bbFila\u00a0\u00bb background_position=\u00a0\u00bbtop_left\u00a0\u00bb background_repeat=\u00a0\u00bbrepeat\u00a0\u00bb background_size=\u00a0\u00bbinitial\u00a0\u00bb][et_pb_column type=\u00a0\u00bb4_4&Prime;][et_pb_divider admin_label=\u00a0\u00bbSeparador\u00a0\u00bb color=\u00a0\u00bb#777777&Prime; show_divider=\u00a0\u00bbon\u00a0\u00bb divider_style=\u00a0\u00bbsolid\u00a0\u00bb divider_position=\u00a0\u00bbcenter\u00a0\u00bb hide_on_mobile=\u00a0\u00bbon\u00a0\u00bb height=\u00a0\u00bb80&Prime; disabled_on=\u00a0\u00bbon|on|off\u00a0\u00bb \/][\/et_pb_column][\/et_pb_row][et_pb_row admin_label=\u00a0\u00bbFila\u00a0\u00bb make_fullwidth=\u00a0\u00bboff\u00a0\u00bb use_custom_width=\u00a0\u00bboff\u00a0\u00bb width_unit=\u00a0\u00bbon\u00a0\u00bb use_custom_gutter=\u00a0\u00bboff\u00a0\u00bb padding_mobile=\u00a0\u00bboff\u00a0\u00bb module_id=\u00a0\u00bbetapa1&Prime; allow_player_pause=\u00a0\u00bboff\u00a0\u00bb parallax=\u00a0\u00bboff\u00a0\u00bb parallax_method=\u00a0\u00bboff\u00a0\u00bb make_equal=\u00a0\u00bboff\u00a0\u00bb column_padding_mobile=\u00a0\u00bbon\u00a0\u00bb background_position=\u00a0\u00bbtop_left\u00a0\u00bb background_repeat=\u00a0\u00bbrepeat\u00a0\u00bb background_size=\u00a0\u00bbinitial\u00a0\u00bb][et_pb_column type=\u00a0\u00bb1_2&Prime;][et_pb_text admin_label=\u00a0\u00bbetapa 1&Prime; background_layout=\u00a0\u00bblight\u00a0\u00bb text_font_size=\u00a0\u00bb12&Prime; use_border_color=\u00a0\u00bboff\u00a0\u00bb border_color=\u00a0\u00bb#ffffff\u00a0\u00bb border_style=\u00a0\u00bbsolid\u00a0\u00bb text_line_height=\u00a0\u00bb1.4em\u00a0\u00bb _builder_version=\u00a0\u00bb3.0.105&Prime;]<\/p>\n<p>&nbsp;<\/p>\n<h3><b>Mobilise-toi !<\/b><\/h3>\n<p><b>Date et lieu : <\/b><span style=\"font-weight: 400;\">18 d\u2019octubre de 2015. Place Europa, Santa Coloma de Gramenet.<\/span><\/p>\n<p><b>Participant\u00b7es : <\/b><span style=\"font-weight: 400;\">40 personnes, 28 femmes et 12 hommes.<\/span><\/p>\n<p><b>Dur\u00e9e : <\/b><span style=\"font-weight: 400;\">5 hores.<\/span><\/p>\n<p><a href=\"https:\/\/www.gramenet.cat\/fileadmin\/Files\/Ajuntament\/Igualtat\/Mobilitzat2015\/1-_INFORME__Taller_participatiu_Mobilitza_t.pdf\" target=\"_blank\" rel=\"noopener noreferrer\"><b>+Rapport de l&rsquo;atelier<\/b><\/a><\/p>\n<p><span style=\"font-weight: 400;\">Dans le cadre de la journ\u00e9e \u201cLa mobilit\u00e9 et l\u2019inclusion durable\u201d r\u00e9alis\u00e9e \u00e0 Santa Coloma de Gramenet, l\u2019activit\u00e9 \u201cMobilitza\u2019t\u201d ou \u201cmobilise-toi\u201d a \u00e9t\u00e9 r\u00e9alis\u00e9e avec l\u2019objectif de stimuler, de mani\u00e8re ludique, une r\u00e9flexion collective sur la mobilit\u00e9 durable bas\u00e9e sur des crit\u00e8res de genre. L\u2019atelier cherche d\u00e8s lors \u00e0 connaitre les activit\u00e9s r\u00e9alis\u00e9es quotidiennement par les habitant\u00b7es de la municipalit\u00e9 et les d\u00e9placements n\u00e9cessaires \u00e0 leur accomplissement. De mani\u00e8re \u00e0 connaitre les activit\u00e9s et les d\u00e9placements journaliers pratiqu\u00e9\u00b7es par les habitants de Santa Coloma de Gramenet, trois domaines ont \u00e9t\u00e9 d\u00e9finis :<\/span><\/p>\n<p><strong>JE DEMANDE\/ R\u00c9FLEXION INDIVIDUELLE \/ R\u00c9FLEXION COLLECTIVE<\/strong><\/p>\n<p>&nbsp;<\/p>\n<p>[\/et_pb_text][et_pb_text admin_label=\u00a0\u00bbTexto\u00a0\u00bb background_layout=\u00a0\u00bblight\u00a0\u00bb text_orientation=\u00a0\u00bbleft\u00a0\u00bb use_border_color=\u00a0\u00bboff\u00a0\u00bb border_color=\u00a0\u00bb#ffffff\u00a0\u00bb border_style=\u00a0\u00bbsolid\u00a0\u00bb background_position=\u00a0\u00bbtop_left\u00a0\u00bb background_repeat=\u00a0\u00bbrepeat\u00a0\u00bb background_size=\u00a0\u00bbinitial\u00a0\u00bb _builder_version=\u00a0\u00bb3.0.105&Prime;]<\/p>\n<h4><a href=\"#etapas\"><img loading=\"lazy\" decoding=\"async\" class=\"alignnone wp-image-445\" src=\"https:\/\/equalsaree.org\/wp-content\/uploads\/2016\/03\/FLECHA-1.png\" alt=\"FLECHA\" width=\"20\" height=\"22\" \/><\/a><\/h4>\n<p>[\/et_pb_text][\/et_pb_column][et_pb_column type=\u00a0\u00bb1_2&Prime;][et_pb_gallery admin_label=\u00a0\u00bbGaler\u00eda\u00a0\u00bb gallery_ids=\u00a0\u00bb1532,1566,1533,1534,1538,1536&Prime; fullwidth=\u00a0\u00bbon\u00a0\u00bb show_title_and_caption=\u00a0\u00bboff\u00a0\u00bb show_pagination=\u00a0\u00bbon\u00a0\u00bb background_layout=\u00a0\u00bblight\u00a0\u00bb auto=\u00a0\u00bbon\u00a0\u00bb hover_overlay_color=\u00a0\u00bbrgba(255,255,255,0.9)\u00a0\u00bb caption_all_caps=\u00a0\u00bboff\u00a0\u00bb use_border_color=\u00a0\u00bboff\u00a0\u00bb border_color=\u00a0\u00bb#ffffff\u00a0\u00bb border_style=\u00a0\u00bbsolid\u00a0\u00bb \/][\/et_pb_column][\/et_pb_row][et_pb_row admin_label=\u00a0\u00bbFila\u00a0\u00bb background_position=\u00a0\u00bbtop_left\u00a0\u00bb background_repeat=\u00a0\u00bbrepeat\u00a0\u00bb background_size=\u00a0\u00bbinitial\u00a0\u00bb][et_pb_column type=\u00a0\u00bb4_4&Prime;][et_pb_divider admin_label=\u00a0\u00bbSeparador\u00a0\u00bb color=\u00a0\u00bb#777777&Prime; show_divider=\u00a0\u00bbon\u00a0\u00bb divider_style=\u00a0\u00bbsolid\u00a0\u00bb divider_position=\u00a0\u00bbcenter\u00a0\u00bb hide_on_mobile=\u00a0\u00bbon\u00a0\u00bb height=\u00a0\u00bb80&Prime; disabled_on=\u00a0\u00bbon|on|off\u00a0\u00bb \/][\/et_pb_column][\/et_pb_row][et_pb_row admin_label=\u00a0\u00bbFila\u00a0\u00bb make_fullwidth=\u00a0\u00bboff\u00a0\u00bb use_custom_width=\u00a0\u00bboff\u00a0\u00bb width_unit=\u00a0\u00bbon\u00a0\u00bb use_custom_gutter=\u00a0\u00bboff\u00a0\u00bb padding_mobile=\u00a0\u00bboff\u00a0\u00bb module_id=\u00a0\u00bbetapa2&Prime; allow_player_pause=\u00a0\u00bboff\u00a0\u00bb parallax=\u00a0\u00bboff\u00a0\u00bb parallax_method=\u00a0\u00bboff\u00a0\u00bb make_equal=\u00a0\u00bboff\u00a0\u00bb column_padding_mobile=\u00a0\u00bbon\u00a0\u00bb background_position=\u00a0\u00bbtop_left\u00a0\u00bb background_repeat=\u00a0\u00bbrepeat\u00a0\u00bb background_size=\u00a0\u00bbinitial\u00a0\u00bb][et_pb_column type=\u00a0\u00bb1_2&Prime;][et_pb_text admin_label=\u00a0\u00bbetapa 2&Prime; background_layout=\u00a0\u00bblight\u00a0\u00bb text_font_size=\u00a0\u00bb12&Prime; use_border_color=\u00a0\u00bboff\u00a0\u00bb text_line_height=\u00a0\u00bb1.4em\u00a0\u00bb _builder_version=\u00a0\u00bb3.0.105&Prime;]<\/p>\n<p>&nbsp;<\/p>\n<h3><b>La ville \u00e0 travers le prisme du genre<\/b><\/h3>\n<p><b>Date et lieu : <\/b><span style=\"font-weight: 400;\">22,27 f\u00e9vrier et 3 mars 2016, Santa Coloma de Gramenet.<\/span><\/p>\n<p><b>Participant\u00b7es : <\/b><span style=\"font-weight: 400;\">Approximativement 25 personnes <\/span><\/p>\n<p><b>Client : <\/b><span style=\"font-weight: 400;\">Mairie de Santa Coloma de Gramenet<\/span><\/p>\n<p><b>Dur\u00e9e: <\/b><span style=\"font-weight: 400;\">3 jours<\/span><\/p>\n<p><a href=\"https:\/\/www.gramenet.cat\/fileadmin\/Files\/Ajuntament\/Igualtat\/CiutatGenere\/1__Informe-_La_ciutat_amb_perspectiva_de_genere.pdf\" target=\"_blank\" rel=\"noopener noreferrer\"><strong>+ Rapport de l&rsquo;atelier<\/strong><\/a><\/p>\n<p><span style=\"font-weight: 400;\">Cette activit\u00e9 <\/span><span style=\"font-weight: 400;\">particip\u00e9e<\/span><span style=\"font-weight: 400;\"> s\u2019est d\u00e9roul\u00e9e en trois sessions : <\/span><\/p>\n<p>&nbsp;<\/p>\n<p><b>Parlons de notre quotidien <\/b><span style=\"font-weight: 400;\">: Identification des itin\u00e9raires quotidiens r\u00e9alis\u00e9s dans la ville en d\u00e9tectant les difficult\u00e9s et les avantages que l\u2019on rencontre chaque jour.<\/span><\/p>\n<p><b>Parcours urbain de reconnaissance <\/b><span style=\"font-weight: 400;\">: \u00c0 partir des r\u00e9sultats de la premi\u00e8re session, un parcours est d\u00e9fini de mani\u00e8re \u00e0 v\u00e9rifier les avantages et inconv\u00e9nients de chaque point.<\/span><\/p>\n<p>&nbsp;<\/p>\n<p><b>Am\u00e9liorons <\/b><b>notre entourage :<\/b><span style=\"font-weight: 400;\"> Gr\u00e2ce au mat\u00e9riel photographique et aux annotations des parcours r\u00e9alis\u00e9s ant\u00e9rieurement, des propositions d\u2019am\u00e9lioration sont \u00e9labor\u00e9es \u00e0 partir du travail collectif et du d\u00e9bat. <\/span><\/p>\n<p>&nbsp;<\/p>\n<p>[\/et_pb_text][et_pb_text admin_label=\u00a0\u00bbTexto\u00a0\u00bb background_layout=\u00a0\u00bblight\u00a0\u00bb text_orientation=\u00a0\u00bbleft\u00a0\u00bb use_border_color=\u00a0\u00bboff\u00a0\u00bb border_color=\u00a0\u00bb#ffffff\u00a0\u00bb border_style=\u00a0\u00bbsolid\u00a0\u00bb background_position=\u00a0\u00bbtop_left\u00a0\u00bb background_repeat=\u00a0\u00bbrepeat\u00a0\u00bb background_size=\u00a0\u00bbinitial\u00a0\u00bb]<\/p>\n<h4><a href=\"#etapas\"><img loading=\"lazy\" decoding=\"async\" class=\"alignnone wp-image-445\" src=\"https:\/\/equalsaree.org\/wp-content\/uploads\/2016\/03\/FLECHA-1.png\" alt=\"FLECHA\" width=\"20\" height=\"22\" \/><\/a><\/h4>\n<p>[\/et_pb_text][\/et_pb_column][et_pb_column type=\u00a0\u00bb1_2&Prime;][et_pb_gallery admin_label=\u00a0\u00bbGaler\u00eda\u00a0\u00bb gallery_ids=\u00a0\u00bb1691,1696,1694,1693,1695,1692&Prime; fullwidth=\u00a0\u00bbon\u00a0\u00bb show_title_and_caption=\u00a0\u00bboff\u00a0\u00bb show_pagination=\u00a0\u00bbon\u00a0\u00bb background_layout=\u00a0\u00bblight\u00a0\u00bb auto=\u00a0\u00bbon\u00a0\u00bb hover_overlay_color=\u00a0\u00bbrgba(255,255,255,0.9)\u00a0\u00bb caption_all_caps=\u00a0\u00bboff\u00a0\u00bb use_border_color=\u00a0\u00bboff\u00a0\u00bb border_color=\u00a0\u00bb#ffffff\u00a0\u00bb border_style=\u00a0\u00bbsolid\u00a0\u00bb \/][\/et_pb_column][\/et_pb_row][et_pb_row admin_label=\u00a0\u00bbFila\u00a0\u00bb background_position=\u00a0\u00bbtop_left\u00a0\u00bb background_repeat=\u00a0\u00bbrepeat\u00a0\u00bb background_size=\u00a0\u00bbinitial\u00a0\u00bb][et_pb_column type=\u00a0\u00bb4_4&Prime;][et_pb_divider admin_label=\u00a0\u00bbSeparador\u00a0\u00bb color=\u00a0\u00bb#777777&Prime; show_divider=\u00a0\u00bbon\u00a0\u00bb divider_style=\u00a0\u00bbsolid\u00a0\u00bb divider_position=\u00a0\u00bbcenter\u00a0\u00bb hide_on_mobile=\u00a0\u00bbon\u00a0\u00bb height=\u00a0\u00bb80&Prime; disabled_on=\u00a0\u00bbon|on|off\u00a0\u00bb \/][et_pb_divider admin_label=\u00a0\u00bbSeparador\u00a0\u00bb color=\u00a0\u00bb#ffffff\u00a0\u00bb show_divider=\u00a0\u00bboff\u00a0\u00bb divider_style=\u00a0\u00bbsolid\u00a0\u00bb divider_position=\u00a0\u00bbtop\u00a0\u00bb hide_on_mobile=\u00a0\u00bbon\u00a0\u00bb disabled_on=\u00a0\u00bbon|on|off\u00a0\u00bb \/][\/et_pb_column][\/et_pb_row][et_pb_row admin_label=\u00a0\u00bbFila\u00a0\u00bb background_position=\u00a0\u00bbtop_left\u00a0\u00bb background_repeat=\u00a0\u00bbrepeat\u00a0\u00bb background_size=\u00a0\u00bbinitial\u00a0\u00bb][et_pb_column type=\u00a0\u00bb4_4&Prime;][et_pb_text admin_label=\u00a0\u00bbTexto\u00a0\u00bb background_layout=\u00a0\u00bblight\u00a0\u00bb use_border_color=\u00a0\u00bboff\u00a0\u00bb border_color=\u00a0\u00bb#ffffff\u00a0\u00bb border_style=\u00a0\u00bbsolid\u00a0\u00bb _builder_version=\u00a0\u00bb3.0.105&Prime;]<\/p>\n<p>&nbsp;<\/p>\n<h2><b>Autres projets<\/b><\/h2>\n<p>&nbsp;<\/p>\n<p>[\/et_pb_text][et_pb_divider admin_label=\u00a0\u00bbSeparador\u00a0\u00bb color=\u00a0\u00bb#ffffff\u00a0\u00bb show_divider=\u00a0\u00bboff\u00a0\u00bb divider_style=\u00a0\u00bbsolid\u00a0\u00bb divider_position=\u00a0\u00bbtop\u00a0\u00bb hide_on_mobile=\u00a0\u00bbon\u00a0\u00bb disabled_on=\u00a0\u00bbon|on|off\u00a0\u00bb \/][et_pb_blog fullwidth=\u00a0\u00bboff\u00a0\u00bb include_categories=\u00a0\u00bb3&Prime; show_thumbnail=\u00a0\u00bbon\u00a0\u00bb show_content=\u00a0\u00bboff\u00a0\u00bb show_more=\u00a0\u00bbon\u00a0\u00bb show_author=\u00a0\u00bboff\u00a0\u00bb show_date=\u00a0\u00bboff\u00a0\u00bb show_categories=\u00a0\u00bboff\u00a0\u00bb show_comments=\u00a0\u00bboff\u00a0\u00bb show_pagination=\u00a0\u00bbon\u00a0\u00bb offset_number=\u00a0\u00bb0&Prime; background_layout=\u00a0\u00bblight\u00a0\u00bb use_dropshadow=\u00a0\u00bboff\u00a0\u00bb use_border_color=\u00a0\u00bbon\u00a0\u00bb border_color=\u00a0\u00bb#ffffff\u00a0\u00bb border_style=\u00a0\u00bbsolid\u00a0\u00bb masonry_tile_background_color=\u00a0\u00bb#ffffff\u00a0\u00bb header_font=\u00a0\u00bb|on|||\u00a0\u00bb border_width=\u00a0\u00bb0px\u00a0\u00bb body_line_height=\u00a0\u00bb1.4em\u00a0\u00bb posts_number=\u00a0\u00bb3&Prime; border_color_all=\u00a0\u00bb#ffffff\u00a0\u00bb border_width_all=\u00a0\u00bb0px\u00a0\u00bb border_style_all=\u00a0\u00bbsolid\u00a0\u00bb border_color_all_fullwidth=\u00a0\u00bb#ffffff\u00a0\u00bb border_width_all_fullwidth=\u00a0\u00bb0px\u00a0\u00bb border_style_all_fullwidth=\u00a0\u00bbsolid\u00a0\u00bb box_shadow_color=\u00a0\u00bbrgba(0,0,0,0.3)\u00a0\u00bb box_shadow_style=\u00a0\u00bbnone\u00a0\u00bb \/][\/et_pb_column][\/et_pb_row][\/et_pb_section]<\/p>\n","protected":false},"excerpt":{"rendered":"<p>&nbsp; Participe, Santa Coloma! \u201cParticipe Santa Coloma\u201d, recueille les informations obtenues lors des ateliers participatifs avec les habitant\u00b7es et a pour objectif de faire un diagnostic portant sur la qualit\u00e9 urbaine et sur la mobilit\u00e9. Tout au long des diff\u00e9rentes activit\u00e9s, des recommandations sont transmises \u00e0 la municipalit\u00e9 quant aux nouvelles politiques de transformation urbaine [&hellip;]<\/p>\n","protected":false},"author":7,"featured_media":3812,"comment_status":"closed","ping_status":"closed","sticky":false,"template":"","format":"standard","meta":{"_seopress_robots_primary_cat":"","_seopress_titles_title":"","_seopress_titles_desc":"","_seopress_robots_index":"","_et_pb_use_builder":"on","_et_pb_old_content":"Welcome to WordPress. This is your first post. Edit or delete it, then start writing!","_et_gb_content_width":"","footnotes":""},"categories":[57],"tags":[],"class_list":["post-2776","post","type-post","status-publish","format-standard","has-post-thumbnail","hentry","category-projectes-fr"],"_links":{"self":[{"href":"https:\/\/equalsaree.org\/fr\/wp-json\/wp\/v2\/posts\/2776","targetHints":{"allow":["GET"]}}],"collection":[{"href":"https:\/\/equalsaree.org\/fr\/wp-json\/wp\/v2\/posts"}],"about":[{"href":"https:\/\/equalsaree.org\/fr\/wp-json\/wp\/v2\/types\/post"}],"author":[{"embeddable":true,"href":"https:\/\/equalsaree.org\/fr\/wp-json\/wp\/v2\/users\/7"}],"replies":[{"embeddable":true,"href":"https:\/\/equalsaree.org\/fr\/wp-json\/wp\/v2\/comments?post=2776"}],"version-history":[{"count":0,"href":"https:\/\/equalsaree.org\/fr\/wp-json\/wp\/v2\/posts\/2776\/revisions"}],"wp:featuredmedia":[{"embeddable":true,"href":"https:\/\/equalsaree.org\/fr\/wp-json\/wp\/v2\/media\/3812"}],"wp:attachment":[{"href":"https:\/\/equalsaree.org\/fr\/wp-json\/wp\/v2\/media?parent=2776"}],"wp:term":[{"taxonomy":"category","embeddable":true,"href":"https:\/\/equalsaree.org\/fr\/wp-json\/wp\/v2\/categories?post=2776"},{"taxonomy":"post_tag","embeddable":true,"href":"https:\/\/equalsaree.org\/fr\/wp-json\/wp\/v2\/tags?post=2776"}],"curies":[{"name":"wp","href":"https:\/\/api.w.org\/{rel}","templated":true}]}}