{"id":4358,"date":"2019-04-08T13:43:01","date_gmt":"2019-04-08T13:43:01","guid":{"rendered":"https:\/\/equalsaree.org\/?p=4358"},"modified":"2020-09-03T11:51:56","modified_gmt":"2020-09-03T11:51:56","slug":"repensamos-la-placa-dels-porxos-2","status":"publish","type":"post","link":"https:\/\/equalsaree.org\/es\/blog\/2019\/04\/08\/repensamos-la-placa-dels-porxos-2\/","title":{"rendered":"Repensamos la Pla\u00e7a dels Porxos"},"content":{"rendered":"<p>[et_pb_section fb_built=\u00bb1&#8243; admin_label=\u00bbsection\u00bb _builder_version=\u00bb3.22&#8243;][et_pb_row admin_label=\u00bbrow\u00bb _builder_version=\u00bb3.25&#8243; background_size=\u00bbinitial\u00bb background_position=\u00bbtop_left\u00bb background_repeat=\u00bbrepeat\u00bb column_structure=\u00bb1_2,1_2&#8243;][et_pb_column type=\u00bb1_2&#8243; _builder_version=\u00bb3.25&#8243; custom_padding=\u00bb|||\u00bb custom_padding__hover=\u00bb|||\u00bb][et_pb_image src=\u00bbhttps:\/\/equalsaree.org\/wp-content\/uploads\/2019\/04\/Porxos.jpg\u00bb align_tablet=\u00bbcenter\u00bb align_last_edited=\u00bbon|desktop\u00bb _builder_version=\u00bb3.23&#8243; always_center_on_mobile=\u00bbon\u00bb][\/et_pb_image][\/et_pb_column][et_pb_column type=\u00bb1_2&#8243; _builder_version=\u00bb3.25&#8243; custom_padding=\u00bb|||\u00bb custom_padding__hover=\u00bb|||\u00bb][et_pb_text admin_label=\u00bbTexto\u00bb _builder_version=\u00bb3.27.4&#8243; text_font_size=\u00bb12&#8243; text_line_height=\u00bb1.4em\u00bb background_size=\u00bbinitial\u00bb background_position=\u00bbtop_left\u00bb background_repeat=\u00bbrepeat\u00bb use_border_color=\u00bboff\u00bb]<\/p>\n<h2><b>Repensamos la Pla\u00e7a dels Porxos<\/b><\/h2>\n<h3><span style=\"color: #d6202d;\">Proceso participativo para la mejora de la Pla\u00e7a dels Porxos<\/span><\/h3>\n<p><span style=\"font-weight: 400;\">La Pla\u00e7a dels Porxos es un espacio de referencia en el barrio de Sant Mart\u00ed de Proven\u00e7als tanto per su uso cotidiano de encuentro vecinal como por su lucha hist\u00f3rica de 1982 para su conservaci\u00f3n. Se trata de una plaza que actualmente es una espacio de encuentro de m\u00faltiples usos vecinales (gente mayor, adulta, j\u00f3venes y infancia) y cuenta con comercios, supermercados, terrazas de bares, parque infantil, bancos y zona ajardinada. El objetivo del proceso participativo es el de conseguir de forma participada entre las diferentes partes interesadas una propuesta consensuada de mejora urbana de la plaza. Se <\/span><span style=\"font-weight: 400;\">ha planteado una metodolog\u00eda abierta e inclusiva que pone en di\u00e1logo y genera empat\u00edas entre las diferentes partes del vecindario residente y usuario de la plaza.<\/span><span style=\"font-weight: 400;\"> Como resultado, se ha obtenido una propuesta de organizaci\u00f3n de los usos de la plaza y un total de 25 propuestas que recogen las diferentes voces de un vecindario plural<\/span><\/p>\n<p><b>Fecha y lugar:<\/b><span style=\"font-weight: 400;\"> \u00a0Febrero-Marzo 2019. Barcelona. <\/span><br \/>\n<b>Cliente: <\/b><span style=\"font-weight: 400;\">Ayuntamiento de Barcelona.<\/span><br \/>\n[\/et_pb_text][\/et_pb_column][\/et_pb_row][\/et_pb_section][et_pb_section fb_built=\u00bb1&#8243; custom_padding_last_edited=\u00bbon|desktop\u00bb admin_label=\u00bbSecci\u00f3n\u00bb _builder_version=\u00bb3.22&#8243; custom_padding_tablet=\u00bb50px|0|50px|0&#8243; custom_padding_phone=\u00bb\u00bb transparent_background=\u00bboff\u00bb padding_mobile=\u00bboff\u00bb make_fullwidth=\u00bboff\u00bb use_custom_width=\u00bboff\u00bb width_unit=\u00bbon\u00bb][et_pb_row padding_mobile=\u00bboff\u00bb column_padding_mobile=\u00bbon\u00bb admin_label=\u00bbFila\u00bb module_id=\u00bbetapas\u00bb _builder_version=\u00bb3.25&#8243; background_size=\u00bbinitial\u00bb background_position=\u00bbtop_left\u00bb background_repeat=\u00bbrepeat\u00bb make_fullwidth=\u00bboff\u00bb use_custom_width=\u00bboff\u00bb width_unit=\u00bbon\u00bb][et_pb_column type=\u00bb4_4&#8243; _builder_version=\u00bb3.25&#8243; custom_padding=\u00bb|||\u00bb custom_padding__hover=\u00bb|||\u00bb][et_pb_text admin_label=\u00bbTexto\u00bb _builder_version=\u00bb3.27.4&#8243; background_size=\u00bbinitial\u00bb background_position=\u00bbtop_left\u00bb background_repeat=\u00bbrepeat\u00bb use_border_color=\u00bboff\u00bb]<\/p>\n<h2><strong>Conoce m\u00e1s sobre el proyecto<\/strong><\/h2>\n<p><a href=\"#etapa1\">Debate de diagn\u00f3stico<\/a>\u00a0|<a href=\"#etapa2\">Jornada de propuestas<\/a><br \/>\n[\/et_pb_text][\/et_pb_column][\/et_pb_row][et_pb_row admin_label=\u00bbFila\u00bb _builder_version=\u00bb3.25&#8243; background_size=\u00bbinitial\u00bb background_position=\u00bbtop_left\u00bb background_repeat=\u00bbrepeat\u00bb][et_pb_column type=\u00bb4_4&#8243; _builder_version=\u00bb3.25&#8243; custom_padding=\u00bb|||\u00bb custom_padding__hover=\u00bb|||\u00bb][et_pb_divider color=\u00bb#777777&#8243; divider_position=\u00bbcenter\u00bb disabled_on=\u00bbon|on|off\u00bb admin_label=\u00bbSeparador\u00bb _builder_version=\u00bb3.23.4&#8243; height=\u00bb80px\u00bb hide_on_mobile=\u00bbon\u00bb]&nbsp;<br \/>\n[\/et_pb_divider][\/et_pb_column][\/et_pb_row][et_pb_row padding_mobile=\u00bboff\u00bb column_padding_mobile=\u00bbon\u00bb admin_label=\u00bbFila\u00bb module_id=\u00bbetapa1&#8243; _builder_version=\u00bb3.25&#8243; background_size=\u00bbinitial\u00bb background_position=\u00bbtop_left\u00bb background_repeat=\u00bbrepeat\u00bb column_structure=\u00bb1_2,1_2&#8243;][et_pb_column type=\u00bb1_2&#8243; _builder_version=\u00bb3.25&#8243; custom_padding=\u00bb|||\u00bb custom_padding__hover=\u00bb|||\u00bb][et_pb_text admin_label=\u00bbetapa 1&#8243; _builder_version=\u00bb3.27.4&#8243; text_font_size=\u00bb12&#8243; text_line_height=\u00bb1.4em\u00bb background_size=\u00bbinitial\u00bb background_position=\u00bbtop_left\u00bb background_repeat=\u00bbrepeat\u00bb use_border_color=\u00bboff\u00bb]<\/p>\n<h3><b>Debate de diagnosis<\/b><\/h3>\n<p><b>Fecha y lugar:<\/b><span style=\"font-weight: 400;\"> \u00a0<\/span><span style=\"font-weight: 400;\">Febrero 2019. Barrio de Sant Mart\u00ed de Proven\u00e7als, Barcelona.<\/span><br \/>\n<b>Participantes: <\/b><span style=\"font-weight: 400;\">Entidades vecinales -Coordinadora Vern, AVV Sant Mart\u00ed, Eix Comercial Sant Mart\u00ed i Comunitat p\u00e0rquing-, vecindario del barrio, alumnado de la escuela Els Porxos, AFAS de escuelas -Els Porxos, Catal\u00f2nia, Poblenou i La Caixa- i alumnado del instituto Joan d\u2019\u00c0ustria. <\/span><br \/>\n<b>Duraci\u00f3n:<\/b><span style=\"font-weight: 400;\"> 5 sesiones de 2 horas.<\/span><\/p>\n<p><span style=\"font-weight: 400;\">Esta fase ha contado con 5 sesiones de trabajo con los principales colectivos usuarios de la plaza con el objetivo de desarrollar una diagnosis compartida de los retos de convivencia y necesidades de uso de la plaza. En concreto, los objetivos han sido identificar las problem\u00e1ticas y aspectos positivos del espacio y de su entorno, as\u00ed como las necesidades y deseos buscando el m\u00e1ximo consenso en los usos que tendr\u00e1 que acoger la futura plaza y partiendo de la premisa de promover un espacio de convivencia que contemple la diversidad de usos en clave de g\u00e9nero y edad. <\/span><br \/>\n[\/et_pb_text][et_pb_text admin_label=\u00bbTexto\u00bb _builder_version=\u00bb3.27.4&#8243; background_size=\u00bbinitial\u00bb background_position=\u00bbtop_left\u00bb background_repeat=\u00bbrepeat\u00bb use_border_color=\u00bboff\u00bb border_color=\u00bb#ffffff\u00bb border_style=\u00bbsolid\u00bb]<\/p>\n<h4><a href=\"#etapas\"><img loading=\"lazy\" decoding=\"async\" class=\"alignnone wp-image-445\" src=\"https:\/\/equalsaree.org\/wp-content\/uploads\/2016\/03\/FLECHA-1.png\" alt=\"FLECHA\" width=\"20\" height=\"22\" \/><\/a><\/h4>\n<p>[\/et_pb_text][\/et_pb_column][et_pb_column type=\u00bb1_2&#8243; _builder_version=\u00bb3.25&#8243; custom_padding=\u00bb|||\u00bb custom_padding__hover=\u00bb|||\u00bb][et_pb_gallery gallery_ids=\u00bb4314,4361,4363,4376,4375,4374&#8243; fullwidth=\u00bbon\u00bb admin_label=\u00bbGaler\u00eda\u00bb _builder_version=\u00bb3.0.105&#8243; auto=\u00bbon\u00bb pagination_font_size_tablet=\u00bb51&#8243; pagination_line_height_tablet=\u00bb2&#8243; use_border_color=\u00bboff\u00bb]&nbsp;<br \/>\n[\/et_pb_gallery][\/et_pb_column][\/et_pb_row][et_pb_row admin_label=\u00bbFila\u00bb _builder_version=\u00bb3.25&#8243; background_size=\u00bbinitial\u00bb background_position=\u00bbtop_left\u00bb background_repeat=\u00bbrepeat\u00bb][et_pb_column type=\u00bb4_4&#8243; _builder_version=\u00bb3.25&#8243; custom_padding=\u00bb|||\u00bb custom_padding__hover=\u00bb|||\u00bb][et_pb_divider color=\u00bb#777777&#8243; divider_position=\u00bbcenter\u00bb disabled_on=\u00bbon|on|off\u00bb admin_label=\u00bbSeparador\u00bb _builder_version=\u00bb3.23.4&#8243; height=\u00bb80px\u00bb hide_on_mobile=\u00bbon\u00bb]&nbsp;<br \/>\n[\/et_pb_divider][\/et_pb_column][\/et_pb_row][et_pb_row padding_mobile=\u00bboff\u00bb column_padding_mobile=\u00bbon\u00bb admin_label=\u00bbFila\u00bb module_id=\u00bbetapa2&#8243; _builder_version=\u00bb3.25&#8243; background_size=\u00bbinitial\u00bb background_position=\u00bbtop_left\u00bb background_repeat=\u00bbrepeat\u00bb column_structure=\u00bb1_2,1_2&#8243;][et_pb_column type=\u00bb1_2&#8243; _builder_version=\u00bb3.25&#8243; custom_padding=\u00bb|||\u00bb custom_padding__hover=\u00bb|||\u00bb][et_pb_text admin_label=\u00bbetapa 2&#8243; _builder_version=\u00bb3.27.4&#8243; text_font_size=\u00bb12&#8243; text_line_height=\u00bb1.4em\u00bb background_size=\u00bbinitial\u00bb background_position=\u00bbtop_left\u00bb background_repeat=\u00bbrepeat\u00bb use_border_color=\u00bboff\u00bb]<\/p>\n<h3><b>Jornada de propuestas<\/b><\/h3>\n<p><b>Fecha y lugar:<\/b><span style=\"font-weight: 400;\"> 16 de marzo 2019. Pla\u00e7a dels Porxos, Barcelona.<\/span><br \/>\n<b>Participantes: <\/b><span style=\"font-weight: 400;\">Vecinos de la pla\u00e7a.<\/span><br \/>\n<b>Duraci\u00f3n:<\/b><span style=\"font-weight: 400;\"> 3 horas.<\/span><\/p>\n<p><span style=\"font-weight: 400;\">La jornada se ha desarrollado en la misma plaza y se ha centrado, en un primer momento, en compartir y validar los resultados de la diagnosis a partir de las sesiones de trabajo anteriores. A partir de aqu\u00ed, se han desarrollado las din\u00e1micas de trabajo para reflexionar sobre los usos, las caracter\u00edsticas y los elementos que ha de tener la plaza para poder realizar las actividades acordadas y para generar espacios amables que den servicio a los diferentes colectivos que utilizan habitualmente la plaza. Los debates se han estructurado en diferentes temas (mobiliario, vegetaci\u00f3n, elementos de juego y convivencia de actividades) facilitando la detecci\u00f3n de los aspectos que gustan o no de cada uno de ellos. Los resultados finales se han trasladado al equipo t\u00e9cnico redactor del futuro proyecto de la plaza.<\/span><br \/>\n[\/et_pb_text][et_pb_text admin_label=\u00bbTexto\u00bb _builder_version=\u00bb3.27.4&#8243; background_size=\u00bbinitial\u00bb background_position=\u00bbtop_left\u00bb background_repeat=\u00bbrepeat\u00bb use_border_color=\u00bboff\u00bb border_color=\u00bb#ffffff\u00bb border_style=\u00bbsolid\u00bb]<\/p>\n<h4><a href=\"#etapas\"><img loading=\"lazy\" decoding=\"async\" class=\"alignnone wp-image-445\" src=\"https:\/\/equalsaree.org\/wp-content\/uploads\/2016\/03\/FLECHA-1.png\" alt=\"FLECHA\" width=\"20\" height=\"22\" \/><\/a><\/h4>\n<p>[\/et_pb_text][\/et_pb_column][et_pb_column type=\u00bb1_2&#8243; _builder_version=\u00bb3.25&#8243; custom_padding=\u00bb|||\u00bb custom_padding__hover=\u00bb|||\u00bb][et_pb_gallery gallery_ids=\u00bb4319,4320,4324,4325,4327,4362&#8243; fullwidth=\u00bbon\u00bb admin_label=\u00bbGaler\u00eda\u00bb _builder_version=\u00bb3.0.105&#8243; auto=\u00bbon\u00bb pagination_font_size_tablet=\u00bb51&#8243; pagination_line_height_tablet=\u00bb2&#8243; use_border_color=\u00bboff\u00bb]&nbsp;<br \/>\n[\/et_pb_gallery][\/et_pb_column][\/et_pb_row][et_pb_row admin_label=\u00bbFila\u00bb _builder_version=\u00bb3.25&#8243; background_size=\u00bbinitial\u00bb background_position=\u00bbtop_left\u00bb background_repeat=\u00bbrepeat\u00bb][et_pb_column type=\u00bb4_4&#8243; _builder_version=\u00bb3.25&#8243; custom_padding=\u00bb|||\u00bb custom_padding__hover=\u00bb|||\u00bb][et_pb_divider color=\u00bb#777777&#8243; divider_position=\u00bbcenter\u00bb disabled_on=\u00bbon|on|off\u00bb admin_label=\u00bbSeparador\u00bb _builder_version=\u00bb3.23.4&#8243; height=\u00bb80px\u00bb hide_on_mobile=\u00bbon\u00bb]&nbsp;<br \/>\n[\/et_pb_divider][et_pb_divider show_divider=\u00bboff\u00bb disabled_on=\u00bbon|on|off\u00bb admin_label=\u00bbSeparador\u00bb _builder_version=\u00bb3.2&#8243; hide_on_mobile=\u00bbon\u00bb]&nbsp;<br \/>\n[\/et_pb_divider][\/et_pb_column][\/et_pb_row][et_pb_row admin_label=\u00bbFila\u00bb _builder_version=\u00bb3.25&#8243; background_size=\u00bbinitial\u00bb background_position=\u00bbtop_left\u00bb background_repeat=\u00bbrepeat\u00bb][et_pb_column type=\u00bb4_4&#8243; _builder_version=\u00bb3.25&#8243; custom_padding=\u00bb|||\u00bb custom_padding__hover=\u00bb|||\u00bb][et_pb_text admin_label=\u00bbTexto\u00bb _builder_version=\u00bb3.27.4&#8243; background_size=\u00bbinitial\u00bb background_position=\u00bbtop_left\u00bb background_repeat=\u00bbrepeat\u00bb use_border_color=\u00bboff\u00bb]<\/p>\n<h2><strong>Otros proyectos<\/strong><\/h2>\n<p>[\/et_pb_text][et_pb_divider show_divider=\u00bboff\u00bb disabled_on=\u00bbon|on|off\u00bb admin_label=\u00bbSeparador\u00bb _builder_version=\u00bb3.2&#8243; hide_on_mobile=\u00bbon\u00bb]&nbsp;<br \/>\n[\/et_pb_divider][et_pb_blog fullwidth=\u00bboff\u00bb posts_number=\u00bb3&#8243; include_categories=\u00bb3&#8243; show_more=\u00bbon\u00bb show_author=\u00bboff\u00bb show_date=\u00bboff\u00bb show_categories=\u00bboff\u00bb masonry_tile_background_color=\u00bb#ffffff\u00bb _builder_version=\u00bb3.0.105&#8243; header_font=\u00bb|on|||\u00bb body_line_height=\u00bb1.4em\u00bb border_width_all=\u00bb0px\u00bb border_color_all=\u00bb#ffffff\u00bb border_style_all=\u00bbsolid\u00bb border_width_all_fullwidth=\u00bb0px\u00bb border_color_all_fullwidth=\u00bb#ffffff\u00bb border_style_all_fullwidth=\u00bbsolid\u00bb use_border_color=\u00bbon\u00bb border_color=\u00bb#ffffff\u00bb border_width=\u00bb0px\u00bb border_style=\u00bbsolid\u00bb use_dropshadow=\u00bboff\u00bb]&nbsp;<br \/>\n[\/et_pb_blog][\/et_pb_column][\/et_pb_row][\/et_pb_section]<\/p>\n","protected":false},"excerpt":{"rendered":"<p>Repensamos la Pla\u00e7a dels Porxos Proceso participativo para la mejora de la Pla\u00e7a dels Porxos La Pla\u00e7a dels Porxos es un espacio de referencia en el barrio de Sant Mart\u00ed de Proven\u00e7als tanto per su uso cotidiano de encuentro vecinal como por su lucha hist\u00f3rica de 1982 para su conservaci\u00f3n. Se trata de una plaza [&hellip;]<\/p>\n","protected":false},"author":7,"featured_media":5901,"comment_status":"closed","ping_status":"closed","sticky":false,"template":"","format":"standard","meta":{"_seopress_robots_primary_cat":"","_seopress_titles_title":"","_seopress_titles_desc":"","_seopress_robots_index":"","_et_pb_use_builder":"on","_et_pb_old_content":"Welcome to WordPress. This is your first post. Edit or delete it, then start writing!","_et_gb_content_width":"","footnotes":""},"categories":[70],"tags":[],"class_list":["post-4358","post","type-post","status-publish","format-standard","has-post-thumbnail","hentry","category-proyectos-es"],"_links":{"self":[{"href":"https:\/\/equalsaree.org\/es\/wp-json\/wp\/v2\/posts\/4358","targetHints":{"allow":["GET"]}}],"collection":[{"href":"https:\/\/equalsaree.org\/es\/wp-json\/wp\/v2\/posts"}],"about":[{"href":"https:\/\/equalsaree.org\/es\/wp-json\/wp\/v2\/types\/post"}],"author":[{"embeddable":true,"href":"https:\/\/equalsaree.org\/es\/wp-json\/wp\/v2\/users\/7"}],"replies":[{"embeddable":true,"href":"https:\/\/equalsaree.org\/es\/wp-json\/wp\/v2\/comments?post=4358"}],"version-history":[{"count":0,"href":"https:\/\/equalsaree.org\/es\/wp-json\/wp\/v2\/posts\/4358\/revisions"}],"wp:featuredmedia":[{"embeddable":true,"href":"https:\/\/equalsaree.org\/es\/wp-json\/wp\/v2\/media\/5901"}],"wp:attachment":[{"href":"https:\/\/equalsaree.org\/es\/wp-json\/wp\/v2\/media?parent=4358"}],"wp:term":[{"taxonomy":"category","embeddable":true,"href":"https:\/\/equalsaree.org\/es\/wp-json\/wp\/v2\/categories?post=4358"},{"taxonomy":"post_tag","embeddable":true,"href":"https:\/\/equalsaree.org\/es\/wp-json\/wp\/v2\/tags?post=4358"}],"curies":[{"name":"wp","href":"https:\/\/api.w.org\/{rel}","templated":true}]}}