{"id":3759,"date":"2016-02-24T11:42:44","date_gmt":"2016-02-24T11:42:44","guid":{"rendered":"https:\/\/equalsaree.org\/?p=3759"},"modified":"2019-01-16T11:41:00","modified_gmt":"2019-01-16T11:41:00","slug":"walking-india","status":"publish","type":"post","link":"https:\/\/equalsaree.org\/es\/blog\/2016\/02\/24\/walking-india\/","title":{"rendered":"Walking India"},"content":{"rendered":"<p>[et_pb_section bb_built=\u00bb1&#8243; admin_label=\u00bbsection\u00bb next_background_color=\u00bb#000000&#8243;][et_pb_row admin_label=\u00bbrow\u00bb background_position=\u00bbtop_left\u00bb background_repeat=\u00bbrepeat\u00bb background_size=\u00bbinitial\u00bb][et_pb_column type=\u00bb1_2&#8243;][et_pb_image admin_label=\u00bbImagen\u00bb src=\u00bbhttps:\/\/equalsaree.org\/wp-content\/uploads\/2018\/10\/Walking-India_-Equal-Saree.jpg\u00bb show_in_lightbox=\u00bboff\u00bb url_new_window=\u00bboff\u00bb align=\u00bbleft\u00bb force_fullwidth=\u00bboff\u00bb always_center_on_mobile=\u00bbon\u00bb use_border_color=\u00bboff\u00bb use_overlay=\u00bboff\u00bb animation_style=\u00bbslide\u00bb animation_duration=\u00bb500ms\u00bb animation_intensity_slide=\u00bb10%\u00bb animation_direction=\u00bbleft\u00bb show_bottom_space=\u00bbon\u00bb _builder_version=\u00bb3.0.105&#8243;]<\/p>\n<p>&nbsp;<\/p>\n<p>[\/et_pb_image][\/et_pb_column][et_pb_column type=\u00bb1_2&#8243;][et_pb_text admin_label=\u00bbTexto\u00bb background_layout=\u00bblight\u00bb text_font_size=\u00bb12&#8243; use_border_color=\u00bboff\u00bb text_line_height=\u00bb1.4em\u00bb background_position=\u00bbtop_left\u00bb background_repeat=\u00bbrepeat\u00bb background_size=\u00bbinitial\u00bb _builder_version=\u00bb3.0.105&#8243;]<\/p>\n<p>&nbsp;<\/p>\n<h2><strong>Walking India<\/strong><\/h2>\n<h3><span style=\"color: #d6202d;\">Iniciativa de igualdad de g\u00e9nero para el desarrollo de las mujeres<\/span><\/h3>\n<p><span style=\"font-weight: 400;\">El proyecto Walking India es fruto de m\u00e1s de 3 a\u00f1os de intercambio entre Barcelona e India, donde han participado muchas personas muy diversas del \u00e1mbito acad\u00e9mico, el mundo asociativo y profesionales de diferentes disciplinas. Walking India quiere mejorar las condiciones de vida de las mujeres indias facilitando su acceso al espacio p\u00fablico y resolviendo la falta de servicios b\u00e1sicos y equipamientos en sus barrios. Se propone una reestructuraci\u00f3n urbana y un nuevo tratamiento del espacio urbano con criterios de g\u00e9nero.<\/span><\/p>\n<p><span style=\"font-weight: 400;\">Se han desarrollado 2 Planes Urbanos de Igualdad de G\u00e9nero, 5 Proyectos Finales de Carrera y 3 talleres universitarios. Todo junto, muestra c\u00f3mo la arquitectura y el urbanismo pueden ser herramientas transformadoras y c\u00f3mo a trav\u00e9s de una buena concepci\u00f3n de los edificios y del espacio p\u00fablico (programa, materiales, gesti\u00f3n, dise\u00f1o urbano, etc) se puede contribuir a mejoras urbanas y sociales complejas. <\/span><span style=\"font-weight: 400;\">\u00a0<\/span><\/p>\n<p>&nbsp;<\/p>\n<p>[\/et_pb_text][et_pb_text admin_label=\u00bbTexto\u00bb background_layout=\u00bblight\u00bb text_font_size=\u00bb12&#8243; use_border_color=\u00bboff\u00bb text_line_height=\u00bb1.4em\u00bb background_position=\u00bbtop_left\u00bb background_repeat=\u00bbrepeat\u00bb background_size=\u00bbinitial\u00bb _builder_version=\u00bb3.0.105&#8243;]<\/p>\n<p><b>Fecha y lugar: <\/b><span style=\"font-weight: 400;\">2010-2013. Barcelona, Delhi y Shivpuri.<\/span><br \/>\n<b>Equipo:<\/b>\u00a0Zaida Mux\u00ed, Shivani Bhardwaj y Equal Saree.<br \/>\n<b>Apoyo:<\/b><a href=\"http:\/\/www.upc.edu\/ccd\"> <span style=\"font-weight: 400;\">CCD-UPC<\/span><\/a><span style=\"font-weight: 400;\">,<\/span><a href=\"http:\/\/agaur.gencat.cat\/ca\/inici\/\"> <span style=\"font-weight: 400;\">AGAUR<\/span><\/a><span style=\"font-weight: 400;\">,<\/span><a href=\"https:\/\/www.etsab.upc.edu\/web\/frame.htm?i=2&amp;m=inicio&amp;c=inicio\"> <span style=\"font-weight: 400;\">ETSAB-UPC<\/span><\/a>\u00a0y<a href=\"http:\/\/jmi.ac.in\/\"> <span style=\"font-weight: 400;\">Jamia Millia Islamia<\/span><\/a><span style=\"font-weight: 400;\">.<\/span><br \/>\n<b>Agradecimientos: <\/b><span style=\"font-weight: 400;\">Laura Monforte, Rub\u00e9n Cruz, Lorena Ruiz, Alexandra Klein, Berta Bilbao, Josep Maria Montaner, Mohammad Saquib,<\/span><a href=\"http:\/\/cequinindia.org\/Home\"> <span style=\"font-weight: 400;\">Cequin<\/span><\/a><span style=\"font-weight: 400;\">, Emmanuelle Paris-Cohen.<\/span><br \/>\n<strong>Publicado en:\u00a0\u00a0<\/strong><a href=\"http:\/\/www.arquitectura-politica.org\/?p=601\" target=\"_blank\" rel=\"noopener noreferrer\">Arquitectura i pol\u00edtica<\/a>; <a href=\"http:\/\/editorial.recolectoresurbanos.com\/tienda\/arquitectas-redefiniendo-la-profesion\/\" target=\"_blank\" rel=\"noopener noreferrer\">ArquitectAs: Redefiniendo la profesi\u00f3n<\/a>, <a href=\"http:\/\/nedmagazine.com\/equalsaree\/\" target=\"_blank\" rel=\"noopener noreferrer\">Ned Magazine<\/a>.<\/p>\n<p>[\/et_pb_text][\/et_pb_column][\/et_pb_row][\/et_pb_section][et_pb_section bb_built=\u00bb1&#8243; admin_label=\u00bbSecci\u00f3n\u00bb fullwidth=\u00bboff\u00bb specialty=\u00bboff\u00bb transparent_background=\u00bboff\u00bb allow_player_pause=\u00bboff\u00bb inner_shadow=\u00bboff\u00bb parallax=\u00bboff\u00bb parallax_method=\u00bboff\u00bb padding_mobile=\u00bboff\u00bb make_fullwidth=\u00bboff\u00bb use_custom_width=\u00bboff\u00bb width_unit=\u00bbon\u00bb make_equal=\u00bboff\u00bb use_custom_gutter=\u00bboff\u00bb custom_padding_tablet=\u00bb50px|0|50px|0&#8243; custom_padding_last_edited=\u00bbon|desktop\u00bb prev_background_color=\u00bb#ffffff\u00bb next_background_color=\u00bb#000000&#8243;][et_pb_row admin_label=\u00bbFila\u00bb make_fullwidth=\u00bboff\u00bb use_custom_width=\u00bboff\u00bb width_unit=\u00bbon\u00bb use_custom_gutter=\u00bboff\u00bb padding_mobile=\u00bboff\u00bb module_id=\u00bbetapas\u00bb allow_player_pause=\u00bboff\u00bb parallax=\u00bboff\u00bb parallax_method=\u00bboff\u00bb make_equal=\u00bboff\u00bb column_padding_mobile=\u00bbon\u00bb background_position=\u00bbtop_left\u00bb background_repeat=\u00bbrepeat\u00bb background_size=\u00bbinitial\u00bb][et_pb_column type=\u00bb4_4&#8243;][et_pb_text admin_label=\u00bbTexto\u00bb background_layout=\u00bblight\u00bb use_border_color=\u00bboff\u00bb background_position=\u00bbtop_left\u00bb background_repeat=\u00bbrepeat\u00bb background_size=\u00bbinitial\u00bb _builder_version=\u00bb3.0.105&#8243;]<\/p>\n<h2><strong>Conoce m\u00e1s sobre el proyecto<\/strong><\/h2>\n<p><a href=\"#etapa1\">Usos del espacio en India<\/a>\u00a0| <a href=\"#etapa2\">Participaci\u00f3n en India<\/a>\u00a0| <a href=\"#etapa3\">Urban International Workshop Bcn-Delhi&#8217;12<\/a>\u00a0| <a href=\"#etapa4\">Plan Urbano de Igualdad de G\u00e9nero<\/a>\u00a0| <a href=\"#etapa5\">Centro de horticultura en Abul Fazal<\/a>\u00a0| <a href=\"#etapa6\">Centro de atenci\u00f3n familiar en Jasola<\/a>\u00a0|\u00a0<a href=\"#etapa7\">Mercado y vivienda en Shaheen Bagh<\/a>\u00a0|\u00a0<a href=\"#etapa8\">Comunidad ganadera y forestal en Muhar<\/a>\u00a0|\u00a0<a href=\"#etapa9\">Gender and other small things<\/a>\u00a0|\u00a0<a href=\"#etapa10\">T102 Aprendiendo de la realidad<\/a><\/p>\n<p>[\/et_pb_text][\/et_pb_column][\/et_pb_row][et_pb_row admin_label=\u00bbFila\u00bb background_position=\u00bbtop_left\u00bb background_repeat=\u00bbrepeat\u00bb background_size=\u00bbinitial\u00bb][et_pb_column type=\u00bb4_4&#8243;][et_pb_divider admin_label=\u00bbSeparador\u00bb color=\u00bb#777777&#8243; show_divider=\u00bbon\u00bb divider_style=\u00bbsolid\u00bb divider_position=\u00bbcenter\u00bb hide_on_mobile=\u00bbon\u00bb height=\u00bb80&#8243; disabled_on=\u00bbon|on|off\u00bb _builder_version=\u00bb3.0.105&#8243;]<\/p>\n<p>&nbsp;<\/p>\n<p>[\/et_pb_divider][\/et_pb_column][\/et_pb_row][et_pb_row admin_label=\u00bbFila\u00bb make_fullwidth=\u00bboff\u00bb use_custom_width=\u00bboff\u00bb width_unit=\u00bbon\u00bb use_custom_gutter=\u00bboff\u00bb padding_mobile=\u00bboff\u00bb module_id=\u00bbetapa1&#8243; allow_player_pause=\u00bboff\u00bb parallax=\u00bboff\u00bb parallax_method=\u00bboff\u00bb make_equal=\u00bboff\u00bb column_padding_mobile=\u00bbon\u00bb background_position=\u00bbtop_left\u00bb background_repeat=\u00bbrepeat\u00bb background_size=\u00bbinitial\u00bb][et_pb_column type=\u00bb1_2&#8243;][et_pb_text admin_label=\u00bbetapa 1&#8243; background_layout=\u00bblight\u00bb text_font_size=\u00bb12&#8243; use_border_color=\u00bboff\u00bb text_line_height=\u00bb1.4em\u00bb background_position=\u00bbtop_left\u00bb background_repeat=\u00bbrepeat\u00bb background_size=\u00bbinitial\u00bb _builder_version=\u00bb3.0.105&#8243;]<\/p>\n<h3><strong><b>Usos del espacio en India<\/b><\/strong><\/h3>\n<p><b>Fecha y lugar: <\/b><span style=\"font-weight: 400;\">2010-2013, Delhi y Shivpuri.<\/span><br \/>\n<b>Equipo:<\/b> <a href=\"http:\/\/sathiallforpartnerships.org\/\"><span style=\"font-weight: 400;\">\u00a0<\/span><span style=\"font-weight: 400;\">SAFP<\/span><\/a><span style=\"font-weight: 400;\">, <\/span><a href=\"http:\/\/www.taalindia.org\/\"><span style=\"font-weight: 400;\">TAAL<\/span><\/a><span style=\"font-weight: 400;\"> y Equal Saree.<\/span><br \/>\n<b>Apoyo:<\/b><a href=\"http:\/\/www.upc.edu\/ccd\"> <span style=\"font-weight: 400;\">CCD-UPC<\/span><\/a><span style=\"font-weight: 400;\">.<\/span><br \/>\n<b>Participantes: <\/b><span style=\"font-weight: 400;\">Asociaciones de mujeres de Okhla (Delhi) y de Muhar y Bairagarh (Shivpuri).<\/span><\/p>\n<p><span style=\"font-weight: 400;\">Partiendo de un contexto cultural y espacial tan diferente al nuestro, creemos necesario entender c\u00f3mo es la arquitectura tradicional de la India, qu\u00e9 caracter\u00edsticas tienen los diferentes espacios pero tambi\u00e9n c\u00f3mo los utilizan las diferentes personas. En la India los l\u00edmites entre los espacios privados (dentro) y los p\u00fablicos (fuera) se desdibujan y dejan paso a una graduaci\u00f3n de espacios progresiva: espacio p\u00fablico, semi-p\u00fablico, semi-privado y privado.<\/span><\/p>\n<p><span style=\"font-weight: 400;\">Si analizamos el uso de la ciudad con perspectiva de g\u00e9nero entendemos que las mujeres se encuentran mayoritariamente en el espacio privado, y cuando salen al espacio p\u00fablico buscan los puntos m\u00e1s recogidos: calles secundarias y de car\u00e1cter m\u00e1s dom\u00e9stico. En contraposici\u00f3n, los hombres dominan el espacio p\u00fablico, ocupando los espacios centrales.<\/span><\/p>\n<p>[\/et_pb_text][et_pb_text admin_label=\u00bbTexto\u00bb background_layout=\u00bblight\u00bb text_orientation=\u00bbleft\u00bb use_border_color=\u00bboff\u00bb border_color=\u00bb#ffffff\u00bb border_style=\u00bbsolid\u00bb background_position=\u00bbtop_left\u00bb background_repeat=\u00bbrepeat\u00bb background_size=\u00bbinitial\u00bb _builder_version=\u00bb3.0.105&#8243;]<\/p>\n<h4><a href=\"#etapas\"><img loading=\"lazy\" decoding=\"async\" class=\"alignnone wp-image-445\" src=\"https:\/\/equalsaree.org\/wp-content\/uploads\/2016\/03\/FLECHA-1.png\" alt=\"FLECHA\" width=\"20\" height=\"22\" \/><\/a><\/h4>\n<p>[\/et_pb_text][\/et_pb_column][et_pb_column type=\u00bb1_2&#8243;][et_pb_gallery admin_label=\u00bbGaler\u00eda\u00bb gallery_ids=\u00bb1408,1409,1410,1411&#8243; fullwidth=\u00bbon\u00bb show_title_and_caption=\u00bboff\u00bb show_pagination=\u00bbon\u00bb background_layout=\u00bblight\u00bb auto=\u00bbon\u00bb hover_overlay_color=\u00bbrgba(255,255,255,0.9)\u00bb use_border_color=\u00bboff\u00bb border_color=\u00bb#ffffff\u00bb border_style=\u00bbsolid\u00bb gallery_orderby=\u00bbrand\u00bb orientation=\u00bblandscape\u00bb]<\/p>\n<p>&nbsp;<\/p>\n<p>[\/et_pb_gallery][\/et_pb_column][\/et_pb_row][et_pb_row admin_label=\u00bbFila\u00bb background_position=\u00bbtop_left\u00bb background_repeat=\u00bbrepeat\u00bb background_size=\u00bbinitial\u00bb][et_pb_column type=\u00bb4_4&#8243;][et_pb_divider admin_label=\u00bbSeparador\u00bb color=\u00bb#777777&#8243; show_divider=\u00bbon\u00bb divider_style=\u00bbsolid\u00bb divider_position=\u00bbcenter\u00bb hide_on_mobile=\u00bbon\u00bb height=\u00bb80&#8243; disabled_on=\u00bbon|on|off\u00bb]<\/p>\n<p>&nbsp;<\/p>\n<p>[\/et_pb_divider][\/et_pb_column][\/et_pb_row][et_pb_row admin_label=\u00bbFila\u00bb make_fullwidth=\u00bboff\u00bb use_custom_width=\u00bboff\u00bb width_unit=\u00bbon\u00bb use_custom_gutter=\u00bboff\u00bb padding_mobile=\u00bboff\u00bb module_id=\u00bbetapa2&#8243; allow_player_pause=\u00bboff\u00bb parallax=\u00bboff\u00bb parallax_method=\u00bboff\u00bb make_equal=\u00bboff\u00bb column_padding_mobile=\u00bbon\u00bb background_position=\u00bbtop_left\u00bb background_repeat=\u00bbrepeat\u00bb background_size=\u00bbinitial\u00bb][et_pb_column type=\u00bb1_2&#8243;][et_pb_text admin_label=\u00bbetapa 2&#8243; background_layout=\u00bblight\u00bb text_font_size=\u00bb12&#8243; use_border_color=\u00bboff\u00bb text_line_height=\u00bb1.4em\u00bb background_position=\u00bbtop_left\u00bb background_repeat=\u00bbrepeat\u00bb background_size=\u00bbinitial\u00bb _builder_version=\u00bb3.0.105&#8243;]<\/p>\n<h3 style=\"text-align: left;\"><strong><b>Participaci\u00f3n en India<\/b><\/strong><\/h3>\n<p><b>Fecha y lugar: <\/b><span style=\"font-weight: 400;\">2010-2013, Delhi y Shivpuri.<\/span><br \/>\n<b>Equipo:\u00a0<\/b><a href=\"http:\/\/sathiallforpartnerships.org\/\">SAFP<\/a>,\u00a0<a href=\"http:\/\/www.taalindia.org\/\">TAAL<\/a>\u00a0i Equal Saree.<br \/>\n<b>Participantes: <\/b><span style=\"font-weight: 400;\">Asociaciones de mujeres d\u2019Okhla (Delhi) y de Muhar y Bairagarh (Shivpuri).<\/span><br \/>\n<b>Apoyo:<\/b><a href=\"http:\/\/www.upc.edu\/ccd\"> <span style=\"font-weight: 400;\">CCD-UPC<\/span><\/a><span style=\"font-weight: 400;\">.<\/span><\/p>\n<p><span style=\"font-weight: 400;\">Para hacer la diagnosis de g\u00e9nero hemos realizado actividades participativas con los grupos locales de mujeres. Los resultados obtenidos han servido como material base para desarrollar el proyecto Walking India.<\/span><\/p>\n<p><b>Rutina diaria:<\/b> Conocer las actividades que realizan diariamente y los lugares donde las desarrollan a trav\u00e9s de dibujar y explicar sus recorridos.<br \/>\n<b>C\u00e1mara <\/b><b><i>Clic<\/i><\/b><b>: <\/b>Captar los espacios o elementos de la ciudad considerados adecuados o inadecuados en lo que respecta a su uso o la percepci\u00f3n de seguridad.<br \/>\n<b>\u00bfQu\u00e9 trabajo te gustar\u00eda hacer?<\/b><span style=\"font-weight: 400;\"> Reflexionar sobre nuevas salidas profesionales para las mujeres. \u00a0<\/span><\/p>\n<p>[\/et_pb_text][et_pb_text admin_label=\u00bbTexto\u00bb background_layout=\u00bblight\u00bb text_orientation=\u00bbleft\u00bb use_border_color=\u00bboff\u00bb border_color=\u00bb#ffffff\u00bb border_style=\u00bbsolid\u00bb background_position=\u00bbtop_left\u00bb background_repeat=\u00bbrepeat\u00bb background_size=\u00bbinitial\u00bb _builder_version=\u00bb3.0.105&#8243;]<\/p>\n<h4><a href=\"#etapas\"><img loading=\"lazy\" decoding=\"async\" class=\"alignnone wp-image-445\" src=\"https:\/\/equalsaree.org\/wp-content\/uploads\/2016\/03\/FLECHA-1.png\" alt=\"FLECHA\" width=\"20\" height=\"22\" \/><\/a><\/h4>\n<p>[\/et_pb_text][\/et_pb_column][et_pb_column type=\u00bb1_2&#8243;][et_pb_gallery admin_label=\u00bbGaler\u00eda\u00bb gallery_ids=\u00bb2607,2608,2609,2610&#8243; fullwidth=\u00bbon\u00bb show_title_and_caption=\u00bboff\u00bb show_pagination=\u00bbon\u00bb background_layout=\u00bblight\u00bb auto=\u00bbon\u00bb hover_overlay_color=\u00bbrgba(255,255,255,0.9)\u00bb use_border_color=\u00bboff\u00bb border_color=\u00bb#ffffff\u00bb border_style=\u00bbsolid\u00bb gallery_orderby=\u00bbrand\u00bb orientation=\u00bblandscape\u00bb]<\/p>\n<p>&nbsp;<\/p>\n<p>[\/et_pb_gallery][\/et_pb_column][\/et_pb_row][et_pb_row admin_label=\u00bbFila\u00bb background_position=\u00bbtop_left\u00bb background_repeat=\u00bbrepeat\u00bb background_size=\u00bbinitial\u00bb][et_pb_column type=\u00bb4_4&#8243;][et_pb_divider admin_label=\u00bbSeparador\u00bb color=\u00bb#777777&#8243; show_divider=\u00bbon\u00bb divider_style=\u00bbsolid\u00bb divider_position=\u00bbcenter\u00bb hide_on_mobile=\u00bbon\u00bb height=\u00bb80&#8243; disabled_on=\u00bbon|on|off\u00bb]<\/p>\n<p>&nbsp;<\/p>\n<p>[\/et_pb_divider][\/et_pb_column][\/et_pb_row][et_pb_row admin_label=\u00bbFila\u00bb make_fullwidth=\u00bboff\u00bb use_custom_width=\u00bboff\u00bb width_unit=\u00bbon\u00bb use_custom_gutter=\u00bboff\u00bb padding_mobile=\u00bboff\u00bb module_id=\u00bbetapa3&#8243; allow_player_pause=\u00bboff\u00bb parallax=\u00bboff\u00bb parallax_method=\u00bboff\u00bb make_equal=\u00bboff\u00bb column_padding_mobile=\u00bbon\u00bb background_position=\u00bbtop_left\u00bb background_repeat=\u00bbrepeat\u00bb background_size=\u00bbinitial\u00bb][et_pb_column type=\u00bb1_2&#8243;][et_pb_text admin_label=\u00bbetapa 3&#8243; background_layout=\u00bblight\u00bb text_font_size=\u00bb12&#8243; use_border_color=\u00bboff\u00bb text_line_height=\u00bb1.4em\u00bb background_position=\u00bbtop_left\u00bb background_repeat=\u00bbrepeat\u00bb background_size=\u00bbinitial\u00bb _builder_version=\u00bb3.0.105&#8243;]<\/p>\n<h3><strong><b>Urban International Workshop Bcn-Delhi&#8217;12<\/b><\/strong><\/h3>\n<p><b>Fecha y lugar:<\/b><span style=\"font-weight: 400;\"> Julio y octubre 2012, Barcelona-Delhi.<\/span><br \/>\n<b>Equipo: <\/b><a href=\"https:\/\/sathiallforpartnerships.org\/\"><span style=\"font-weight: 400;\">SAFP<\/span><\/a><span style=\"font-weight: 400;\">, <\/span><a href=\"https:\/\/www.etsab.upc.edu\/web\/frame.htm?i=2&amp;m=inicio&amp;c=inicio\"><span style=\"font-weight: 400;\">ETSAB-UPC<\/span><\/a><span style=\"font-weight: 400;\">,<\/span><a href=\"http:\/\/jmi.ac.in\/\"><span style=\"font-weight: 400;\"> Jamia Millia Islamia<\/span><\/a><span style=\"font-weight: 400;\"> y Equal Saree.<\/span><br \/>\n<b>Participantes: <\/b><span style=\"font-weight: 400;\">50 estudiantes de l\u2019ETSAB-UPC, ETSAV-UPC, ETSAV-UPV y Jamia Millia Islamia.\u00a0<\/span><b>Conferencias: <\/b><span style=\"font-weight: 400;\">Zaida Mux\u00ed, Matilde Gomis, Blanca Guti\u00e9rrez, Sara Ortiz, Sandra Bestraten, Josep Maria Montaner, Shivani Bhardwaj, Lora Prabhu, Mohammad Saquib, Nisar Khan. <\/span><br \/>\n<b>Tallerista:<\/b><span style=\"font-weight: 400;\"> Montse Dumont.<\/span><br \/>\n<b>Duraci\u00f3n: <\/b><span style=\"font-weight: 400;\">3 d\u00edas en Barcelona y 10 d\u00edas en Delhi.<\/span><br \/>\n<b>Apoyo: <\/b><a href=\"http:\/\/www.upc.edu\/ccd\"><span style=\"font-weight: 400;\">CCD-UPC<\/span><\/a><span style=\"font-weight: 400;\">,<\/span><a href=\"http:\/\/agaur.gencat.cat\/ca\/inici\/\"><span style=\"font-weight: 400;\"> AGAUR<\/span><\/a><span style=\"font-weight: 400;\">,<\/span><a href=\"https:\/\/www.etsab.upc.edu\/web\/frame.htm?i=2&amp;m=inicio&amp;c=inicio\"><span style=\"font-weight: 400;\"> ETSAB-UPC<\/span><\/a><span style=\"font-weight: 400;\">,<\/span><a href=\"http:\/\/jmi.ac.in\/\"><span style=\"font-weight: 400;\"> Jamia Millia Islamia<\/span><\/a><span style=\"font-weight: 400;\">.<\/span><\/p>\n<p><span style=\"color: #d6202d;\">Premi <span style=\"font-weight: 400;\">Finalista a \u201cWomen Transforming Cities 2013\u201d.<\/span><\/span><br \/>\n<b><\/b><strong>+ Visita el\u00a0<a href=\"http:\/\/genderequalurbanplanning.tumblr.com\/\" target=\"_blank\" rel=\"noopener noreferrer\">blog<\/a>\u00a0y mira los\u00a0<a href=\"http:\/\/upcommons.upc.edu\/handle\/2099.2\/3283\" target=\"_blank\" rel=\"noopener noreferrer\">v\u00eddeos<\/a>\u00a0<\/strong><\/p>\n<p><span style=\"font-weight: 400;\">Un taller para entender la arquitectura y el urbanismo desde la perspectiva de g\u00e9nero y la cooperaci\u00f3n.El taller se ha desarrollado en dos fases: una en Barcelona y otra en Delhi. En la primera fase, los y las estudiantes de Barcelona han propuesto peque\u00f1as intervenciones urbanas para la mejora del barrio, sirviendo como una primera aproximaci\u00f3n al contexto. El taller de Delhi se ha centrado en la ampliaci\u00f3n y mejora de dos <\/span><i><span style=\"font-weight: 400;\">Gender Resource Center <\/span><\/i><span style=\"font-weight: 400;\">y la estructuraci\u00f3n del tramo urbano que los vincula.<\/span><\/p>\n<p><span style=\"font-weight: 400;\">Las propuestas se basan en procesos participativos llevados a cabo con las usuarias de los centros y las vecinas del barrio, y responden a una demanda real lograda a trav\u00e9s del an\u00e1lisis del espacio urbano y de la situaci\u00f3n de la mujer en Okhla Village.<\/span><\/p>\n<p>[\/et_pb_text][et_pb_text admin_label=\u00bbTexto\u00bb background_layout=\u00bblight\u00bb text_orientation=\u00bbleft\u00bb use_border_color=\u00bboff\u00bb border_color=\u00bb#ffffff\u00bb border_style=\u00bbsolid\u00bb background_position=\u00bbtop_left\u00bb background_repeat=\u00bbrepeat\u00bb background_size=\u00bbinitial\u00bb]<\/p>\n<h4><a href=\"#etapas\"><img loading=\"lazy\" decoding=\"async\" class=\"alignnone wp-image-445\" src=\"https:\/\/equalsaree.org\/wp-content\/uploads\/2016\/03\/FLECHA-1.png\" alt=\"FLECHA\" width=\"20\" height=\"22\" \/><\/a><\/h4>\n<p>[\/et_pb_text][\/et_pb_column][et_pb_column type=\u00bb1_2&#8243;][et_pb_gallery admin_label=\u00bbGaler\u00eda\u00bb gallery_ids=\u00bb1416,1417,1418,1419,1421,1420&#8243; fullwidth=\u00bbon\u00bb show_title_and_caption=\u00bboff\u00bb show_pagination=\u00bbon\u00bb background_layout=\u00bblight\u00bb auto=\u00bbon\u00bb hover_overlay_color=\u00bbrgba(255,255,255,0.9)\u00bb caption_all_caps=\u00bboff\u00bb use_border_color=\u00bboff\u00bb border_color=\u00bb#ffffff\u00bb border_style=\u00bbsolid\u00bb gallery_orderby=\u00bbrand\u00bb]<\/p>\n<p>&nbsp;<\/p>\n<p>[\/et_pb_gallery][\/et_pb_column][\/et_pb_row][et_pb_row admin_label=\u00bbFila\u00bb background_position=\u00bbtop_left\u00bb background_repeat=\u00bbrepeat\u00bb background_size=\u00bbinitial\u00bb][et_pb_column type=\u00bb4_4&#8243;][et_pb_divider admin_label=\u00bbSeparador\u00bb color=\u00bb#777777&#8243; show_divider=\u00bbon\u00bb divider_style=\u00bbsolid\u00bb divider_position=\u00bbcenter\u00bb hide_on_mobile=\u00bbon\u00bb height=\u00bb80&#8243; disabled_on=\u00bbon|on|off\u00bb]<\/p>\n<p>&nbsp;<\/p>\n<p>[\/et_pb_divider][\/et_pb_column][\/et_pb_row][et_pb_row admin_label=\u00bbFila\u00bb make_fullwidth=\u00bboff\u00bb use_custom_width=\u00bboff\u00bb width_unit=\u00bbon\u00bb use_custom_gutter=\u00bboff\u00bb padding_mobile=\u00bboff\u00bb module_id=\u00bbetapa4&#8243; allow_player_pause=\u00bboff\u00bb parallax=\u00bboff\u00bb parallax_method=\u00bboff\u00bb make_equal=\u00bboff\u00bb column_padding_mobile=\u00bbon\u00bb background_position=\u00bbtop_left\u00bb background_repeat=\u00bbrepeat\u00bb background_size=\u00bbinitial\u00bb][et_pb_column type=\u00bb1_2&#8243;][et_pb_text admin_label=\u00bbetapa 4&#8243; background_layout=\u00bblight\u00bb text_font_size=\u00bb12&#8243; use_border_color=\u00bboff\u00bb text_line_height=\u00bb1.4em\u00bb background_position=\u00bbtop_left\u00bb background_repeat=\u00bbrepeat\u00bb background_size=\u00bbinitial\u00bb _builder_version=\u00bb3.0.105&#8243;]<\/p>\n<h3><strong><b>Plan Urbano de Igualdad de G\u00e9nero<\/b><\/strong><\/h3>\n<p><b>Fecha y lugar: <\/b><span style=\"font-weight: 400;\">2010-2013. Barcelona, \u00cdndia<\/span><br \/>\n<b>Equipo:\u00a0<\/b><a href=\"http:\/\/sathiallforpartnerships.org\/\">SAFP<\/a>,<a href=\"http:\/\/www.taalindia.org\/\"> TAAL<\/a>,\u00a0<a href=\"http:\/\/jmi.ac.in\/\">Jamia Millia Islamia<\/a>\u00a0y Equal Saree.<br \/>\n<b>Apoyo:<\/b><a href=\"http:\/\/www.upc.edu\/ccd\"> <span style=\"font-weight: 400;\">CCD-UPC<\/span><\/a><span style=\"font-weight: 400;\">.<\/span><\/p>\n<p><span style=\"font-weight: 400;\">El Plan Urbano de Igualdad de G\u00e9nero consiste en una red urbana de \u201cv\u00edas seguras\u201d que vincula los puntos estrat\u00e9gicos de los recorridos cotidianos de las mujeres con los equipamientos y los espacios p\u00fablicos existentes, as\u00ed como con los propuestos (Women Resource Zone, WRZ). El plan define cu\u00e1les son los requerimientos urbanos que ha de cumplir la red en relaci\u00f3n con la percepci\u00f3n de seguridad y la organizaci\u00f3n del espacio p\u00fablico. <\/span><\/p>\n<p><span style=\"font-weight: 400;\">El Plan de Igualdad de G\u00e9nero nos ha permitido dise\u00f1ar estrategias urbanas en dos contextos diferentes, una zona urbana (Okhla, Delhi) y otra rural (Muhar, Shivpuri)<\/span><span style=\"font-weight: 400;\">.<\/span><\/p>\n<p>[\/et_pb_text][et_pb_text admin_label=\u00bbTexto\u00bb background_layout=\u00bblight\u00bb text_orientation=\u00bbleft\u00bb use_border_color=\u00bboff\u00bb border_color=\u00bb#ffffff\u00bb border_style=\u00bbsolid\u00bb background_position=\u00bbtop_left\u00bb background_repeat=\u00bbrepeat\u00bb background_size=\u00bbinitial\u00bb]<\/p>\n<h4><a href=\"#etapas\"><img loading=\"lazy\" decoding=\"async\" class=\"alignnone wp-image-445\" src=\"https:\/\/equalsaree.org\/wp-content\/uploads\/2016\/03\/FLECHA-1.png\" alt=\"FLECHA\" width=\"20\" height=\"22\" \/><\/a><\/h4>\n<p>[\/et_pb_text][\/et_pb_column][et_pb_column type=\u00bb1_2&#8243;][et_pb_gallery admin_label=\u00bbGaler\u00eda\u00bb gallery_ids=\u00bb1422,1423,1424,1425,1757&#8243; fullwidth=\u00bbon\u00bb show_title_and_caption=\u00bboff\u00bb show_pagination=\u00bbon\u00bb background_layout=\u00bblight\u00bb auto=\u00bbon\u00bb hover_overlay_color=\u00bbrgba(255,255,255,0.9)\u00bb caption_all_caps=\u00bboff\u00bb use_border_color=\u00bboff\u00bb border_color=\u00bb#ffffff\u00bb border_style=\u00bbsolid\u00bb]<\/p>\n<p>&nbsp;<\/p>\n<p>[\/et_pb_gallery][\/et_pb_column][\/et_pb_row][et_pb_row admin_label=\u00bbFila\u00bb background_position=\u00bbtop_left\u00bb background_repeat=\u00bbrepeat\u00bb background_size=\u00bbinitial\u00bb][et_pb_column type=\u00bb4_4&#8243;][et_pb_divider admin_label=\u00bbSeparador\u00bb color=\u00bb#777777&#8243; show_divider=\u00bbon\u00bb divider_style=\u00bbsolid\u00bb divider_position=\u00bbcenter\u00bb hide_on_mobile=\u00bbon\u00bb height=\u00bb80&#8243; disabled_on=\u00bbon|on|off\u00bb]<\/p>\n<p>&nbsp;<\/p>\n<p>[\/et_pb_divider][\/et_pb_column][\/et_pb_row][et_pb_row admin_label=\u00bbFila\u00bb make_fullwidth=\u00bboff\u00bb use_custom_width=\u00bboff\u00bb width_unit=\u00bbon\u00bb use_custom_gutter=\u00bboff\u00bb padding_mobile=\u00bboff\u00bb module_id=\u00bbetapa5&#8243; allow_player_pause=\u00bboff\u00bb parallax=\u00bboff\u00bb parallax_method=\u00bboff\u00bb make_equal=\u00bboff\u00bb column_padding_mobile=\u00bbon\u00bb parallax_1=\u00bboff\u00bb parallax_method_1=\u00bboff\u00bb parallax_2=\u00bboff\u00bb parallax_method_2=\u00bboff\u00bb background_position=\u00bbtop_left\u00bb background_repeat=\u00bbrepeat\u00bb background_size=\u00bbinitial\u00bb][et_pb_column type=\u00bb1_2&#8243;][et_pb_text admin_label=\u00bbetapa 5&#8243; background_layout=\u00bblight\u00bb text_font_size=\u00bb12&#8243; use_border_color=\u00bboff\u00bb text_line_height=\u00bb1.4em\u00bb background_position=\u00bbtop_left\u00bb background_repeat=\u00bbrepeat\u00bb background_size=\u00bbinitial\u00bb _builder_version=\u00bb3.0.105&#8243;]<\/p>\n<h3><strong><b>Centro de horticultura en Abul Fazal<\/b><\/strong><\/h3>\n<p><b>Fecha y lugar: <\/b><span style=\"font-weight: 400;\">Octubre 2011 Abul Fazal, Okhla, Delhi.<\/span><br \/>\n<b>Autora: Dafne Salda\u00f1a Blasco.<\/b><br \/>\n<b>Participantes: <\/b><span style=\"font-weight: 400;\">SAFP, Jamia Millia Islamia, Grupo de mujeres de Abul Fazal.<\/span><br \/>\n<b>Tribunal: <\/b><span style=\"font-weight: 400;\">T102 &#8211; Zaida Mux\u00ed, Anna Ramos, Sandra Bestraten y Patricia Reus.<\/span><br \/>\n<b>Apoyo:<\/b><a href=\"http:\/\/www.upc.edu\/ccd\"> <span style=\"font-weight: 400;\">CCD-UPC<\/span><\/a><span style=\"font-weight: 400;\">.<\/span><\/p>\n<p><strong><a href=\"http:\/\/www.arquitectura-politica.org\/?p=545\" target=\"_blank\" rel=\"noopener noreferrer\">+ Informaci\u00f3n<\/a><\/strong><\/p>\n<p><span style=\"font-weight: 400;\">El objetivo principal del proyecto es ofrecer a las mujeres un espacio de autoproducci\u00f3n de frutas y verduras para el consumo propio y tambi\u00e9n para la venta. La zona de Okhla, donde se ubica el barrio de Abul Fazal, era un territorio destinado a la agricultura hasta hace pocas d\u00e9cadas. Adem\u00e1s, un gran n\u00famero de las personas que la habitan actualmente proceden de entornos rurales de otras partes de India. Es por esto que muchas mujeres ya conocen los trabajos agr\u00edcolas. La distribuci\u00f3n de las edificaciones alrededor de grandes patios de cultivo permite la adaptaci\u00f3n al clima, a la vez que tiene en cuenta cuestiones culturales y en relaci\u00f3n a la autonom\u00eda y la seguridad de las mujeres. Los mecanismos de reciclaje y reutilizaci\u00f3n de agua tienen especial importancia en el proyecto con la voluntad de crear una conciencia colectiva sobre la importancia de preservar el agua, un bien tan escaso en Delhi.<\/span><\/p>\n<p>[\/et_pb_text][et_pb_text admin_label=\u00bbTexto\u00bb background_layout=\u00bblight\u00bb text_orientation=\u00bbleft\u00bb use_border_color=\u00bboff\u00bb border_color=\u00bb#ffffff\u00bb border_style=\u00bbsolid\u00bb background_position=\u00bbtop_left\u00bb background_repeat=\u00bbrepeat\u00bb background_size=\u00bbinitial\u00bb]<\/p>\n<h4><a href=\"#etapas\"><img loading=\"lazy\" decoding=\"async\" class=\"alignnone wp-image-445\" src=\"https:\/\/equalsaree.org\/wp-content\/uploads\/2016\/03\/FLECHA-1.png\" alt=\"FLECHA\" width=\"20\" height=\"22\" \/><\/a><\/h4>\n<p>[\/et_pb_text][\/et_pb_column][et_pb_column type=\u00bb1_2&#8243;][et_pb_gallery admin_label=\u00bbGaler\u00eda\u00bb gallery_ids=\u00bb1426,1427,1428,1429,1430,1431&#8243; fullwidth=\u00bbon\u00bb show_title_and_caption=\u00bboff\u00bb show_pagination=\u00bbon\u00bb background_layout=\u00bblight\u00bb auto=\u00bbon\u00bb hover_overlay_color=\u00bbrgba(255,255,255,0.9)\u00bb caption_all_caps=\u00bboff\u00bb use_border_color=\u00bboff\u00bb border_color=\u00bb#ffffff\u00bb border_style=\u00bbsolid\u00bb gallery_orderby=\u00bbrand\u00bb]<\/p>\n<p>&nbsp;<\/p>\n<p>[\/et_pb_gallery][\/et_pb_column][\/et_pb_row][et_pb_row admin_label=\u00bbFila\u00bb background_position=\u00bbtop_left\u00bb background_repeat=\u00bbrepeat\u00bb background_size=\u00bbinitial\u00bb][et_pb_column type=\u00bb4_4&#8243;][et_pb_divider admin_label=\u00bbSeparador\u00bb color=\u00bb#777777&#8243; show_divider=\u00bbon\u00bb divider_style=\u00bbsolid\u00bb divider_position=\u00bbcenter\u00bb hide_on_mobile=\u00bbon\u00bb height=\u00bb80&#8243; disabled_on=\u00bbon|on|off\u00bb]<\/p>\n<p>&nbsp;<\/p>\n<p>[\/et_pb_divider][\/et_pb_column][\/et_pb_row][et_pb_row admin_label=\u00bbFila\u00bb make_fullwidth=\u00bboff\u00bb use_custom_width=\u00bboff\u00bb width_unit=\u00bbon\u00bb use_custom_gutter=\u00bboff\u00bb padding_mobile=\u00bboff\u00bb module_id=\u00bbetapa6&#8243; allow_player_pause=\u00bboff\u00bb parallax=\u00bboff\u00bb parallax_method=\u00bboff\u00bb make_equal=\u00bboff\u00bb column_padding_mobile=\u00bbon\u00bb parallax_1=\u00bboff\u00bb parallax_method_1=\u00bboff\u00bb parallax_2=\u00bboff\u00bb parallax_method_2=\u00bboff\u00bb background_position=\u00bbtop_left\u00bb background_repeat=\u00bbrepeat\u00bb background_size=\u00bbinitial\u00bb][et_pb_column type=\u00bb1_2&#8243;][et_pb_text admin_label=\u00bbetapa 6&#8243; background_layout=\u00bblight\u00bb text_font_size=\u00bb12&#8243; use_border_color=\u00bboff\u00bb text_line_height=\u00bb1.4em\u00bb background_position=\u00bbtop_left\u00bb background_repeat=\u00bbrepeat\u00bb background_size=\u00bbinitial\u00bb _builder_version=\u00bb3.0.105&#8243;]<\/p>\n<h3><strong><b>Centro de atenci\u00f3n familiar en Jasola<\/b><\/strong><\/h3>\n<p><b>Fecha y lugar: <\/b><span style=\"font-weight: 400;\">Octubre 2013 Jasola, Okhla, Delhi.<\/span><br \/>\n<b>Autora: <\/b><span style=\"font-weight: 400;\">Carla Amat Garcia.<\/span><br \/>\n<b>Participantes:<\/b> SAFP, Jamia Millia Islamia, Grup de dones d\u2019Okhla<span style=\"font-weight: 400;\">\u00a0<\/span><br \/>\n<b>Tribunal: <\/b><span style=\"font-weight: 400;\">T102 &#8211; Zaida Mux\u00ed, Anna Ramos, Sandra Bestraten y Patricia Reus.<\/span><br \/>\n<b>Apoyo:<\/b><a href=\"http:\/\/www.upc.edu\/ccd\"> <span style=\"font-weight: 400;\">CCD-UPC<\/span><\/a><span style=\"font-weight: 400;\">.<\/span><br \/>\n<b><\/b><\/p>\n<p><span style=\"font-weight: 400;\">El Centro, situado en el barrio rural de Jasola en Delhi, da respuesta a las necesidades sociales y educativas de la poblaci\u00f3n de gente mayor del barrio, as\u00ed como de los ni\u00f1os con trastornos en su desarrollo de Okhla. Estos diferentes servicios se articulan entorno a un espacio principal comunitario que permite que se generen relaciones entre las diferentes usuarias y usuarios para fomentar la participaci\u00f3n, la ayuda mutua y el intercambio. <\/span><\/p>\n<p>[\/et_pb_text][et_pb_text admin_label=\u00bbTexto\u00bb background_layout=\u00bblight\u00bb text_orientation=\u00bbleft\u00bb use_border_color=\u00bboff\u00bb border_color=\u00bb#ffffff\u00bb border_style=\u00bbsolid\u00bb background_position=\u00bbtop_left\u00bb background_repeat=\u00bbrepeat\u00bb background_size=\u00bbinitial\u00bb]<\/p>\n<h4><a href=\"#etapas\"><img loading=\"lazy\" decoding=\"async\" class=\"alignnone wp-image-445\" src=\"https:\/\/equalsaree.org\/wp-content\/uploads\/2016\/03\/FLECHA-1.png\" alt=\"FLECHA\" width=\"20\" height=\"22\" \/><\/a><\/h4>\n<p>[\/et_pb_text][\/et_pb_column][et_pb_column type=\u00bb1_2&#8243;][et_pb_gallery admin_label=\u00bbGaler\u00eda\u00bb gallery_ids=\u00bb1432,1433,1434,1435,1436,1437,1438,1439,1440&#8243; fullwidth=\u00bbon\u00bb show_title_and_caption=\u00bboff\u00bb show_pagination=\u00bbon\u00bb background_layout=\u00bblight\u00bb auto=\u00bbon\u00bb hover_overlay_color=\u00bbrgba(255,255,255,0.9)\u00bb caption_all_caps=\u00bboff\u00bb use_border_color=\u00bboff\u00bb border_color=\u00bb#ffffff\u00bb border_style=\u00bbsolid\u00bb]<\/p>\n<p>&nbsp;<\/p>\n<p>[\/et_pb_gallery][\/et_pb_column][\/et_pb_row][et_pb_row admin_label=\u00bbFila\u00bb background_position=\u00bbtop_left\u00bb background_repeat=\u00bbrepeat\u00bb background_size=\u00bbinitial\u00bb][et_pb_column type=\u00bb4_4&#8243;][et_pb_divider admin_label=\u00bbSeparador\u00bb color=\u00bb#777777&#8243; show_divider=\u00bbon\u00bb divider_style=\u00bbsolid\u00bb divider_position=\u00bbcenter\u00bb hide_on_mobile=\u00bbon\u00bb height=\u00bb80&#8243; disabled_on=\u00bbon|on|off\u00bb]<\/p>\n<p>&nbsp;<\/p>\n<p>[\/et_pb_divider][\/et_pb_column][\/et_pb_row][et_pb_row admin_label=\u00bbFila\u00bb make_fullwidth=\u00bboff\u00bb use_custom_width=\u00bboff\u00bb width_unit=\u00bbon\u00bb use_custom_gutter=\u00bboff\u00bb padding_mobile=\u00bboff\u00bb module_id=\u00bbetapa7&#8243; allow_player_pause=\u00bboff\u00bb parallax=\u00bboff\u00bb parallax_method=\u00bboff\u00bb make_equal=\u00bboff\u00bb column_padding_mobile=\u00bbon\u00bb parallax_1=\u00bboff\u00bb parallax_method_1=\u00bboff\u00bb parallax_2=\u00bboff\u00bb parallax_method_2=\u00bboff\u00bb background_position=\u00bbtop_left\u00bb background_repeat=\u00bbrepeat\u00bb background_size=\u00bbinitial\u00bb][et_pb_column type=\u00bb1_2&#8243;][et_pb_text admin_label=\u00bbetapa 7&#8243; background_layout=\u00bblight\u00bb text_font_size=\u00bb12&#8243; use_border_color=\u00bboff\u00bb text_line_height=\u00bb1.4em\u00bb background_position=\u00bbtop_left\u00bb background_repeat=\u00bbrepeat\u00bb background_size=\u00bbinitial\u00bb _builder_version=\u00bb3.0.105&#8243;]<\/p>\n<h3><strong><b>Mercado y vivienda en Shaheen Bagh<\/b><\/strong><\/h3>\n<p><b>Fecha y lugar: <\/b><span style=\"font-weight: 400;\">Octubre 2013, Shaheen Bagh, Okhla, Delhi.<\/span><br \/>\n<b>Equipo: <\/b><span style=\"font-weight: 400;\">Julia Goula Mej\u00f3n<\/span><br \/>\n<b>Participantes:<\/b>SAFP, Jamia Millia Islamia, Grup de dones d\u2019Okhla.<br \/>\n<b>Tribunal: <\/b><span style=\"font-weight: 400;\">T102 &#8211; Zaida Mux\u00ed, Anna Ramos, Sandra Bestraten y Patricia Reus.<\/span><br \/>\n<b>Apoyo:<\/b><a href=\"http:\/\/www.upc.edu\/ccd\"> <span style=\"font-weight: 400;\">CCD-UPC<\/span><\/a><span style=\"font-weight: 400;\">.<\/span><br \/>\n<span style=\"font-weight: 400; color: #d6202d;\">Premio Ex aequo en la categoria AJAC IX\u00a0<em>Proyectos Final de carrera<\/em>.<\/span><\/p>\n<p><strong><a href=\"http:\/\/www.arquitectura-politica.org\/?p=577\" target=\"_blank\" rel=\"noopener noreferrer\">+ Informaci\u00f3n<\/a><\/strong><br \/>\n<b><\/b><\/p>\n<p><span style=\"font-weight: 400;\">La intervenci\u00f3n consiste en una mejora urbana del mercado de verduras y de su entorno m\u00e1s pr\u00f3ximo, incorporando a las mujeres en la gesti\u00f3n y la actividad del mercado. Se proponen nuevos espacios de venta protegidos del clima, lavabos p\u00fablicos para mujeres y para hombres, puntos de agua centrales y nuevos espacios de encuentro al aire libre. \u00a0<\/span><\/p>\n<p><span style=\"font-weight: 400;\">La zona del mercado es un punto potencial para desarrollar la zona de recursos de mujeres de Shaheen Bagh ya que la \u201cplaza\u201d concentra la principal actividad del barrio y es el \u00fanico lugar con fuerte presencia femenina. <\/span><\/p>\n<p><span style=\"font-weight: 400;\">El proyecto se entiende hacia la parcela vecina para ofrecer los servicios complementarios de atenci\u00f3n, formaci\u00f3n y apoyo de las mujeres en planta baja. Finalmente se propone una comunidad de viviendas temporales para las trabajadoras en la dos plantas superiores. El conjunto retoma t\u00e9cnicas constructivas tradicionales y de protecci\u00f3n frente al clima.<\/span><\/p>\n<p>[\/et_pb_text][et_pb_text admin_label=\u00bbTexto\u00bb background_layout=\u00bblight\u00bb text_orientation=\u00bbleft\u00bb use_border_color=\u00bboff\u00bb border_color=\u00bb#ffffff\u00bb border_style=\u00bbsolid\u00bb background_position=\u00bbtop_left\u00bb background_repeat=\u00bbrepeat\u00bb background_size=\u00bbinitial\u00bb]<\/p>\n<h4><a href=\"#etapas\"><img loading=\"lazy\" decoding=\"async\" class=\"alignnone wp-image-445\" src=\"https:\/\/equalsaree.org\/wp-content\/uploads\/2016\/03\/FLECHA-1.png\" alt=\"FLECHA\" width=\"20\" height=\"22\" \/><\/a><\/h4>\n<p>[\/et_pb_text][\/et_pb_column][et_pb_column type=\u00bb1_2&#8243;][et_pb_gallery admin_label=\u00bbGaler\u00eda\u00bb gallery_ids=\u00bb1442,1444,1445,1446,1447,1448,1449,1450,1451,1452&#8243; fullwidth=\u00bbon\u00bb show_title_and_caption=\u00bboff\u00bb show_pagination=\u00bbon\u00bb background_layout=\u00bblight\u00bb auto=\u00bbon\u00bb hover_overlay_color=\u00bbrgba(255,255,255,0.9)\u00bb caption_all_caps=\u00bboff\u00bb use_border_color=\u00bboff\u00bb border_color=\u00bb#ffffff\u00bb border_style=\u00bbsolid\u00bb]<\/p>\n<p>&nbsp;<\/p>\n<p>[\/et_pb_gallery][\/et_pb_column][\/et_pb_row][et_pb_row admin_label=\u00bbFila\u00bb background_position=\u00bbtop_left\u00bb background_repeat=\u00bbrepeat\u00bb background_size=\u00bbinitial\u00bb][et_pb_column type=\u00bb4_4&#8243;][et_pb_divider admin_label=\u00bbSeparador\u00bb color=\u00bb#777777&#8243; show_divider=\u00bbon\u00bb divider_style=\u00bbsolid\u00bb divider_position=\u00bbcenter\u00bb hide_on_mobile=\u00bbon\u00bb height=\u00bb80&#8243; disabled_on=\u00bbon|on|off\u00bb]<\/p>\n<p>&nbsp;<\/p>\n<p>[\/et_pb_divider][\/et_pb_column][\/et_pb_row][et_pb_row admin_label=\u00bbFila\u00bb make_fullwidth=\u00bboff\u00bb use_custom_width=\u00bboff\u00bb width_unit=\u00bbon\u00bb use_custom_gutter=\u00bboff\u00bb padding_mobile=\u00bboff\u00bb module_id=\u00bbetapa8&#8243; allow_player_pause=\u00bboff\u00bb parallax=\u00bboff\u00bb parallax_method=\u00bboff\u00bb make_equal=\u00bboff\u00bb column_padding_mobile=\u00bbon\u00bb parallax_1=\u00bboff\u00bb parallax_method_1=\u00bboff\u00bb parallax_2=\u00bboff\u00bb parallax_method_2=\u00bboff\u00bb background_position=\u00bbtop_left\u00bb background_repeat=\u00bbrepeat\u00bb background_size=\u00bbinitial\u00bb][et_pb_column type=\u00bb1_2&#8243;][et_pb_text admin_label=\u00bbetapa 8&#8243; background_layout=\u00bblight\u00bb text_font_size=\u00bb12&#8243; use_border_color=\u00bboff\u00bb text_line_height=\u00bb1.4em\u00bb background_position=\u00bbtop_left\u00bb background_repeat=\u00bbrepeat\u00bb background_size=\u00bbinitial\u00bb _builder_version=\u00bb3.0.105&#8243;]<\/p>\n<h3><strong><b>Comunidad ganadera y forestal en Muhar<\/b><\/strong><\/h3>\n<p><b>Fecha y lugar: <\/b><span style=\"font-weight: 400;\">Octubre 2013. \u00a0Muhar, Shivpuri.<\/span><br \/>\n<b>Autora: <\/b><span style=\"font-weight: 400;\">Helena Cardona Tamayo.<\/span><br \/>\n<b>Participantes:<\/b> <a href=\"http:\/\/sathiallforpartnerships.org\/\">SAFP<\/a>,<a href=\"http:\/\/www.taalindia.org\/\">\u00a0<span style=\"font-weight: 400;\">TAAL<\/span><\/a><a href=\"http:\/\/sathiallforpartnerships.org\/\">\u00a0i Grup de dones de Shivpuri.<\/a><span style=\"font-weight: 400;\">\u00a0<\/span><br \/>\n<b>Tribunal: <\/b><span style=\"font-weight: 400;\">T102 &#8211; Zaida Mux\u00ed, Anna Ramos, Sandra Bestraten y Patricia Reus.<\/span><br \/>\n<b>Apoyo:<\/b><a href=\"http:\/\/www.upc.edu\/ccd\"> <span style=\"font-weight: 400;\">CCD-UPC<\/span><\/a><span style=\"font-weight: 400;\">.<\/span><\/p>\n<p><strong><a href=\"http:\/\/www.arquitectura-politica.org\/?p=615\" target=\"_blank\" rel=\"noopener noreferrer\">+ Informaci\u00f3n<\/a><\/strong><br \/>\n<b><\/b><\/p>\n<p><span style=\"font-weight: 400;\">El proyecto se enmarca en un contexto donde encontramos deforestaci\u00f3n en los bosques, una comunidad tribal que se ha visto expulsada de su h\u00e1bitat natural y el potencial de trabajar con las mujeres de esta comunidad. A partir de esta situaci\u00f3n se propone un centro de producci\u00f3n de <\/span><i><span style=\"font-weight: 400;\">ghee*<\/span><\/i><span style=\"font-weight: 400;\">, siguiendo un sistema econ\u00f3mico basado en la principal actividad de subsistencia de la sociedad india: la ganader\u00eda; conciliada con el h\u00e1bitat natural de los Saharia a trav\u00e9s de un plan de reforestaci\u00f3n de la zona. La concepci\u00f3n del proyecto parte de la observaci\u00f3n de la manera de vivir de la tribu con tal de crear un entorno y una tipolog\u00eda de espacio adecuada a sus necesidades y a los requerimientos del lugar. El proyecto tiene como finalidad poner en valor las tareas diarias de las mujeres y preservar la herencia de los Saharia. <\/span><\/p>\n<p><i><span style=\"font-weight: 400;\">*forma semil\u00edquida de mantequilla, muy importante en la cultura culinaria ayurv\u00e8dica.<\/span><\/i><\/p>\n<p>[\/et_pb_text][et_pb_text admin_label=\u00bbTexto\u00bb background_layout=\u00bblight\u00bb text_orientation=\u00bbleft\u00bb use_border_color=\u00bboff\u00bb border_color=\u00bb#ffffff\u00bb border_style=\u00bbsolid\u00bb background_position=\u00bbtop_left\u00bb background_repeat=\u00bbrepeat\u00bb background_size=\u00bbinitial\u00bb]<\/p>\n<h4><a href=\"#etapas\"><img loading=\"lazy\" decoding=\"async\" class=\"alignnone wp-image-445\" src=\"https:\/\/equalsaree.org\/wp-content\/uploads\/2016\/03\/FLECHA-1.png\" alt=\"FLECHA\" width=\"20\" height=\"22\" \/><\/a><\/h4>\n<p>[\/et_pb_text][\/et_pb_column][et_pb_column type=\u00bb1_2&#8243;][et_pb_gallery admin_label=\u00bbGaler\u00eda\u00bb gallery_ids=\u00bb1453,1454,1459,1458,1457,1456,1455&#8243; fullwidth=\u00bbon\u00bb show_title_and_caption=\u00bboff\u00bb show_pagination=\u00bbon\u00bb background_layout=\u00bblight\u00bb auto=\u00bbon\u00bb hover_overlay_color=\u00bbrgba(255,255,255,0.9)\u00bb caption_all_caps=\u00bboff\u00bb use_border_color=\u00bboff\u00bb border_color=\u00bb#ffffff\u00bb border_style=\u00bbsolid\u00bb]<\/p>\n<p>&nbsp;<\/p>\n<p>[\/et_pb_gallery][\/et_pb_column][\/et_pb_row][et_pb_row admin_label=\u00bbFila\u00bb background_position=\u00bbtop_left\u00bb background_repeat=\u00bbrepeat\u00bb background_size=\u00bbinitial\u00bb][et_pb_column type=\u00bb4_4&#8243;][et_pb_divider admin_label=\u00bbSeparador\u00bb color=\u00bb#777777&#8243; show_divider=\u00bbon\u00bb divider_style=\u00bbsolid\u00bb divider_position=\u00bbcenter\u00bb hide_on_mobile=\u00bbon\u00bb height=\u00bb80&#8243; disabled_on=\u00bbon|on|off\u00bb]<\/p>\n<p>&nbsp;<\/p>\n<p>[\/et_pb_divider][\/et_pb_column][\/et_pb_row][et_pb_row admin_label=\u00bbFila\u00bb make_fullwidth=\u00bboff\u00bb use_custom_width=\u00bboff\u00bb width_unit=\u00bbon\u00bb use_custom_gutter=\u00bboff\u00bb padding_mobile=\u00bboff\u00bb module_id=\u00bbetapa9&#8243; allow_player_pause=\u00bboff\u00bb parallax=\u00bboff\u00bb parallax_method=\u00bboff\u00bb make_equal=\u00bboff\u00bb column_padding_mobile=\u00bbon\u00bb parallax_1=\u00bboff\u00bb parallax_method_1=\u00bboff\u00bb parallax_2=\u00bboff\u00bb parallax_method_2=\u00bboff\u00bb background_position=\u00bbtop_left\u00bb background_repeat=\u00bbrepeat\u00bb background_size=\u00bbinitial\u00bb][et_pb_column type=\u00bb1_2&#8243;][et_pb_text admin_label=\u00bbetapa 9&#8243; background_layout=\u00bblight\u00bb text_font_size=\u00bb12&#8243; use_border_color=\u00bboff\u00bb text_line_height=\u00bb1.4em\u00bb background_position=\u00bbtop_left\u00bb background_repeat=\u00bbrepeat\u00bb background_size=\u00bbinitial\u00bb _builder_version=\u00bb3.0.105&#8243;]<\/p>\n<h3><strong><b>Gender and other small things<\/b><\/strong><\/h3>\n<p><b>Fecha y lugar:<\/b><span style=\"font-weight: 400;\"> Octubre 2012. Instituto Cervantes de Nueva Delhi, \u00cdndia.<\/span><\/p>\n<p><b>Equipo: <\/b><span style=\"font-weight: 400;\">Jamia Millia Islamia University, ETSAB, Zaida Mux\u00ed y Josep Mar\u00eda Montaner.<\/span><\/p>\n<p><b>Apoyo<\/b><b>: <\/b>Instituto Cervantes de Nueva Delhi,<a href=\"http:\/\/www.upc.edu\/ccd\"> CCD-UPC<\/a>,<a href=\"http:\/\/agaur.gencat.cat\/ca\/inici\/\"> AGAUR<\/a>.<\/p>\n<p><b>Duraci\u00f3n: <\/b>1 mes.<\/p>\n<p><strong><a href=\"https:\/\/www.youtube.com\/watch?v=rKew1BwP19Q\" target=\"_blank\" rel=\"noopener noreferrer\">+ Escucha la conferencia<\/a><\/strong><b><br \/>\n<strong><a href=\"http:\/\/www.elmundo.es\/elmundo\/2012\/10\/11\/suvivienda\/1349947286.html\" target=\"_blank\" rel=\"noopener noreferrer\">+ Nota de prensa<\/a><\/strong><\/b><\/p>\n<p><span style=\"font-weight: 400;\">La exposici\u00f3n muestra las propuestas elaboradas por los grupos de trabajo del taller <\/span><i><span style=\"font-weight: 400;\">Urban International Workshop Bcn-Delhi\u201912<\/span><\/i><span style=\"font-weight: 400;\"> .Los resultados se van a alcanzar a trav\u00e9s de actividades participativas con grupos de mujeres indias y el an\u00e1lisis cr\u00edtico del espacio urbano y de la situaci\u00f3n de la mujer en Okhla.<\/span><\/p>\n<p>Como acto inaugural, los arquitectos Zaida Mux\u00ed y Josep Maria Montaner, impartieron una conferencia sobre la importancia de aplicar la perspectiva de g\u00e9nero en los proyectos arquitect\u00f3nicos y urbanos y como trasladarla a la realidad india.<\/p>\n<p>[\/et_pb_text][et_pb_text admin_label=\u00bbTexto\u00bb background_layout=\u00bblight\u00bb text_orientation=\u00bbleft\u00bb use_border_color=\u00bboff\u00bb border_color=\u00bb#ffffff\u00bb border_style=\u00bbsolid\u00bb background_position=\u00bbtop_left\u00bb background_repeat=\u00bbrepeat\u00bb background_size=\u00bbinitial\u00bb]<\/p>\n<h4><a href=\"#etapas\"><img loading=\"lazy\" decoding=\"async\" class=\"alignnone wp-image-445\" src=\"https:\/\/equalsaree.org\/wp-content\/uploads\/2016\/03\/FLECHA-1.png\" alt=\"FLECHA\" width=\"20\" height=\"22\" \/><\/a><\/h4>\n<p>[\/et_pb_text][\/et_pb_column][et_pb_column type=\u00bb1_2&#8243;][et_pb_gallery admin_label=\u00bbGaler\u00eda\u00bb gallery_ids=\u00bb1460,1461&#8243; fullwidth=\u00bbon\u00bb show_title_and_caption=\u00bboff\u00bb show_pagination=\u00bbon\u00bb background_layout=\u00bblight\u00bb auto=\u00bbon\u00bb hover_overlay_color=\u00bbrgba(255,255,255,0.9)\u00bb caption_all_caps=\u00bboff\u00bb use_border_color=\u00bboff\u00bb border_color=\u00bb#ffffff\u00bb border_style=\u00bbsolid\u00bb]<\/p>\n<p>&nbsp;<\/p>\n<p>[\/et_pb_gallery][\/et_pb_column][\/et_pb_row][et_pb_row admin_label=\u00bbFila\u00bb background_position=\u00bbtop_left\u00bb background_repeat=\u00bbrepeat\u00bb background_size=\u00bbinitial\u00bb][et_pb_column type=\u00bb4_4&#8243;][et_pb_divider admin_label=\u00bbSeparador\u00bb color=\u00bb#777777&#8243; show_divider=\u00bbon\u00bb divider_style=\u00bbsolid\u00bb divider_position=\u00bbcenter\u00bb hide_on_mobile=\u00bbon\u00bb height=\u00bb80&#8243; disabled_on=\u00bbon|on|off\u00bb]<\/p>\n<p>&nbsp;<\/p>\n<p>[\/et_pb_divider][\/et_pb_column][\/et_pb_row][et_pb_row admin_label=\u00bbFila\u00bb make_fullwidth=\u00bboff\u00bb use_custom_width=\u00bboff\u00bb width_unit=\u00bbon\u00bb use_custom_gutter=\u00bboff\u00bb padding_mobile=\u00bboff\u00bb module_id=\u00bbetapa10&#8243; allow_player_pause=\u00bboff\u00bb parallax=\u00bboff\u00bb parallax_method=\u00bboff\u00bb make_equal=\u00bboff\u00bb column_padding_mobile=\u00bbon\u00bb parallax_1=\u00bboff\u00bb parallax_method_1=\u00bboff\u00bb parallax_2=\u00bboff\u00bb parallax_method_2=\u00bboff\u00bb background_position=\u00bbtop_left\u00bb background_repeat=\u00bbrepeat\u00bb background_size=\u00bbinitial\u00bb][et_pb_column type=\u00bb1_2&#8243;][et_pb_text admin_label=\u00bbetapa 10&#8243; background_layout=\u00bblight\u00bb text_font_size=\u00bb12&#8243; use_border_color=\u00bboff\u00bb text_line_height=\u00bb1.4em\u00bb background_position=\u00bbtop_left\u00bb background_repeat=\u00bbrepeat\u00bb background_size=\u00bbinitial\u00bb _builder_version=\u00bb3.0.105&#8243;]<\/p>\n<h3><strong><b>T102 Aprendiendo de la realidad<\/b><\/strong><\/h3>\n<p><b>Fecha y lugar: <\/b><span style=\"font-weight: 400;\">Enero y abril 2014. Delegaci\u00f3n COAC Barcelona y Delegaci\u00f3n COAC Vic<\/span><br \/>\n<b>Equipo: \u00a0<\/b><span style=\"font-weight: 400;\">Carla Amat, Arnau Andr\u00e9s, Carles Baiges, Helena Cardona, Silvia Costa, Lali Dav\u00ed, Julieta Duran, Julia Goula, Pol Massoni, Miquel Reina, \u00a0Dafne Salda\u00f1a, Antoni Valls.<\/span><br \/>\n<b>Tribunal: <\/b><span style=\"font-weight: 400;\">Zaida Mux\u00ed, Anna Ramos, Sandra Bestraten y Patricia Reus.<\/span><br \/>\n<b>Duraci\u00f3n: <\/b><span style=\"font-weight: 400;\">1 mes en Barcelona y 1 mes en Vic.<\/span><br \/>\n<b>Apoyo<\/b><b>: <span style=\"font-weight: 400;\">COAC- Barcelona i COAC-Vic.<\/span><\/b><\/p>\n<p><strong><a href=\"https:\/\/www.arquitectes.cat\/ca\/content\/t102-aprenent-de-la-realitat\" target=\"_blank\" rel=\"noopener noreferrer\">+ Informaci\u00f3<\/a><\/strong><br \/>\n<b><\/b><\/p>\n<p>Dise\u00f1o de la muestra de Proyectos Finales de Carrera del alumnado de la ETSAB del tribunal T102 que defiende una aproximaci\u00f3n de los y las estudiantes a la realidad y a su compromiso como futuros profesionales. Algunos proyectos son resultado de experiencias de cooperaci\u00f3n vividas en todo el mundo (India, \u00c1frica y Brasil).<\/p>\n<p><b><i>\u00abEntendemos el proceso de proyecto final de carrera como un di\u00e1logo y un aprendizaje mutuo.\u00bb<\/i><\/b><\/p>\n<p>[\/et_pb_text][et_pb_text admin_label=\u00bbTexto\u00bb background_layout=\u00bblight\u00bb text_orientation=\u00bbleft\u00bb use_border_color=\u00bboff\u00bb border_color=\u00bb#ffffff\u00bb border_style=\u00bbsolid\u00bb background_position=\u00bbtop_left\u00bb background_repeat=\u00bbrepeat\u00bb background_size=\u00bbinitial\u00bb]<\/p>\n<h4><a href=\"#etapas\"><img loading=\"lazy\" decoding=\"async\" class=\"alignnone wp-image-445\" src=\"https:\/\/equalsaree.org\/wp-content\/uploads\/2016\/03\/FLECHA-1.png\" alt=\"FLECHA\" width=\"20\" height=\"22\" \/><\/a><\/h4>\n<p>[\/et_pb_text][\/et_pb_column][et_pb_column type=\u00bb1_2&#8243;][et_pb_gallery admin_label=\u00bbGaler\u00eda\u00bb gallery_ids=\u00bb1462,1463,1464,1465&#8243; fullwidth=\u00bbon\u00bb show_title_and_caption=\u00bboff\u00bb show_pagination=\u00bbon\u00bb background_layout=\u00bblight\u00bb auto=\u00bbon\u00bb hover_overlay_color=\u00bbrgba(255,255,255,0.9)\u00bb caption_all_caps=\u00bboff\u00bb use_border_color=\u00bboff\u00bb border_color=\u00bb#ffffff\u00bb border_style=\u00bbsolid\u00bb]<\/p>\n<p>&nbsp;<\/p>\n<p>[\/et_pb_gallery][\/et_pb_column][\/et_pb_row][et_pb_row admin_label=\u00bbFila\u00bb background_position=\u00bbtop_left\u00bb background_repeat=\u00bbrepeat\u00bb background_size=\u00bbinitial\u00bb][et_pb_column type=\u00bb4_4&#8243;][et_pb_divider admin_label=\u00bbSeparador\u00bb color=\u00bb#777777&#8243; show_divider=\u00bbon\u00bb divider_style=\u00bbsolid\u00bb divider_position=\u00bbcenter\u00bb hide_on_mobile=\u00bbon\u00bb height=\u00bb80&#8243; disabled_on=\u00bbon|on|off\u00bb]<\/p>\n<p>&nbsp;<\/p>\n<p>[\/et_pb_divider][et_pb_divider admin_label=\u00bbSeparador\u00bb color=\u00bb#ffffff\u00bb show_divider=\u00bboff\u00bb divider_style=\u00bbsolid\u00bb divider_position=\u00bbtop\u00bb hide_on_mobile=\u00bbon\u00bb disabled_on=\u00bbon|on|off\u00bb]<\/p>\n<p>&nbsp;<\/p>\n<p>[\/et_pb_divider][\/et_pb_column][\/et_pb_row][et_pb_row admin_label=\u00bbFila\u00bb background_position=\u00bbtop_left\u00bb background_repeat=\u00bbrepeat\u00bb background_size=\u00bbinitial\u00bb][et_pb_column type=\u00bb4_4&#8243;][et_pb_text admin_label=\u00bbTexto\u00bb background_layout=\u00bblight\u00bb use_border_color=\u00bboff\u00bb background_position=\u00bbtop_left\u00bb background_repeat=\u00bbrepeat\u00bb background_size=\u00bbinitial\u00bb _builder_version=\u00bb3.0.105&#8243;]<\/p>\n<h2><strong>Otros proyectos<\/strong><\/h2>\n<p>[\/et_pb_text][et_pb_divider admin_label=\u00bbSeparador\u00bb color=\u00bb#ffffff\u00bb show_divider=\u00bboff\u00bb divider_style=\u00bbsolid\u00bb divider_position=\u00bbtop\u00bb hide_on_mobile=\u00bbon\u00bb disabled_on=\u00bbon|on|off\u00bb]<\/p>\n<p>&nbsp;<\/p>\n<p>[\/et_pb_divider][et_pb_blog fullwidth=\u00bboff\u00bb include_categories=\u00bb3&#8243; show_thumbnail=\u00bbon\u00bb show_content=\u00bboff\u00bb show_more=\u00bbon\u00bb show_author=\u00bboff\u00bb show_date=\u00bboff\u00bb show_categories=\u00bboff\u00bb show_comments=\u00bboff\u00bb show_pagination=\u00bbon\u00bb offset_number=\u00bb0&#8243; background_layout=\u00bblight\u00bb use_dropshadow=\u00bboff\u00bb use_border_color=\u00bbon\u00bb border_color=\u00bb#ffffff\u00bb border_style=\u00bbsolid\u00bb masonry_tile_background_color=\u00bb#ffffff\u00bb header_font=\u00bb|on|||\u00bb border_width=\u00bb0px\u00bb body_line_height=\u00bb1.4em\u00bb posts_number=\u00bb3&#8243; border_color_all=\u00bb#ffffff\u00bb border_width_all=\u00bb0px\u00bb border_style_all=\u00bbsolid\u00bb border_color_all_fullwidth=\u00bb#ffffff\u00bb border_width_all_fullwidth=\u00bb0px\u00bb border_style_all_fullwidth=\u00bbsolid\u00bb box_shadow_color=\u00bbrgba(0,0,0,0.3)\u00bb box_shadow_style=\u00bbnone\u00bb]<\/p>\n<p>&nbsp;<\/p>\n<p>[\/et_pb_blog][\/et_pb_column][\/et_pb_row][\/et_pb_section]<\/p>\n","protected":false},"excerpt":{"rendered":"<p>&nbsp; &nbsp; Walking India Iniciativa de igualdad de g\u00e9nero para el desarrollo de las mujeres El proyecto Walking India es fruto de m\u00e1s de 3 a\u00f1os de intercambio entre Barcelona e India, donde han participado muchas personas muy diversas del \u00e1mbito acad\u00e9mico, el mundo asociativo y profesionales de diferentes disciplinas. Walking India quiere mejorar las [&hellip;]<\/p>\n","protected":false},"author":7,"featured_media":3762,"comment_status":"closed","ping_status":"closed","sticky":false,"template":"","format":"standard","meta":{"_seopress_robots_primary_cat":"","_seopress_titles_title":"","_seopress_titles_desc":"","_seopress_robots_index":"","_et_pb_use_builder":"on","_et_pb_old_content":"Welcome to WordPress. This is your first post. Edit or delete it, then start writing!","_et_gb_content_width":"","footnotes":""},"categories":[70],"tags":[],"class_list":["post-3759","post","type-post","status-publish","format-standard","has-post-thumbnail","hentry","category-proyectos-es"],"_links":{"self":[{"href":"https:\/\/equalsaree.org\/es\/wp-json\/wp\/v2\/posts\/3759","targetHints":{"allow":["GET"]}}],"collection":[{"href":"https:\/\/equalsaree.org\/es\/wp-json\/wp\/v2\/posts"}],"about":[{"href":"https:\/\/equalsaree.org\/es\/wp-json\/wp\/v2\/types\/post"}],"author":[{"embeddable":true,"href":"https:\/\/equalsaree.org\/es\/wp-json\/wp\/v2\/users\/7"}],"replies":[{"embeddable":true,"href":"https:\/\/equalsaree.org\/es\/wp-json\/wp\/v2\/comments?post=3759"}],"version-history":[{"count":0,"href":"https:\/\/equalsaree.org\/es\/wp-json\/wp\/v2\/posts\/3759\/revisions"}],"wp:featuredmedia":[{"embeddable":true,"href":"https:\/\/equalsaree.org\/es\/wp-json\/wp\/v2\/media\/3762"}],"wp:attachment":[{"href":"https:\/\/equalsaree.org\/es\/wp-json\/wp\/v2\/media?parent=3759"}],"wp:term":[{"taxonomy":"category","embeddable":true,"href":"https:\/\/equalsaree.org\/es\/wp-json\/wp\/v2\/categories?post=3759"},{"taxonomy":"post_tag","embeddable":true,"href":"https:\/\/equalsaree.org\/es\/wp-json\/wp\/v2\/tags?post=3759"}],"curies":[{"name":"wp","href":"https:\/\/api.w.org\/{rel}","templated":true}]}}