{"id":3600,"date":"2018-08-01T11:50:58","date_gmt":"2018-08-01T11:50:58","guid":{"rendered":"https:\/\/equalsaree.org\/?p=3600"},"modified":"2019-01-16T10:24:44","modified_gmt":"2019-01-16T10:24:44","slug":"salzeludic","status":"publish","type":"post","link":"https:\/\/equalsaree.org\/es\/blog\/2018\/08\/01\/salzeludic\/","title":{"rendered":"Salzel\u00fadic"},"content":{"rendered":"<p>[et_pb_section bb_built=\u00bb1&#8243; admin_label=\u00bbsection\u00bb next_background_color=\u00bb#000000&#8243;][et_pb_row admin_label=\u00bbrow\u00bb background_position=\u00bbtop_left\u00bb background_repeat=\u00bbrepeat\u00bb background_size=\u00bbinitial\u00bb][et_pb_column type=\u00bb1_2&#8243;][et_pb_image _builder_version=\u00bb3.0.105&#8243; src=\u00bbhttps:\/\/equalsaree.org\/wp-content\/uploads\/2018\/08\/Salzel\u00fadic_-Equal-Saree.jpg\u00bb show_in_lightbox=\u00bboff\u00bb url_new_window=\u00bboff\u00bb use_overlay=\u00bboff\u00bb always_center_on_mobile=\u00bbon\u00bb force_fullwidth=\u00bboff\u00bb show_bottom_space=\u00bbon\u00bb \/][\/et_pb_column][et_pb_column type=\u00bb1_2&#8243;][et_pb_text admin_label=\u00bbTexto\u00bb background_layout=\u00bblight\u00bb text_font_size=\u00bb12&#8243; use_border_color=\u00bboff\u00bb text_line_height=\u00bb1.4em\u00bb _builder_version=\u00bb3.0.105&#8243;]<\/p>\n<h2><b>Salzel\u00fadic<\/b><\/h2>\n<h3><span style=\"color: #d6202d;\">La Escuela Santa Coloma repiensa el Paseo de la Salzereda<\/span><\/h3>\n<p>&nbsp;<\/p>\n<p><span style=\"font-weight: 400;\">El objetivo de la actividad educativa participativa es incluir al alumnado de la Escuela Santa Coloma en el dise\u00f1o del nuevo Paseo de la Salzereda, en concreto el tramo de delante de la escuela entre la calle Pompeu Fabra y la calle Francesc Moragues.<\/span><\/p>\n<p><span style=\"font-weight: 400;\">Se han planteado dos sesiones de trabajo. En la primera sesi\u00f3n, las ni\u00f1as y los ni\u00f1os han reflexionado sobre los usos actuales del paseo. En la segunda, se han definido nuevos usos y juegos para el paseo y se han generado criterios de dise\u00f1o colectivo sobre las \u00e1reas reservadas para juegos.<\/span><\/p>\n<p><span style=\"font-weight: 400;\">El resultado de la actividad es la propuesta de estos nuevos usos y espacios l\u00fadicos y la definici\u00f3n de algunos criterios de dise\u00f1o para incluir en el proyecto t\u00e9cnico del nuevo Paseo de la Salzereda.<\/span><\/p>\n<p><b>Fecha y lugar: <span style=\"font-weight: 400;\">mayo 2018, Escuela Santa Coloma, Santa Coloma de Gramenet.<\/span><\/b><\/p>\n<p><b>Cliente:\u00a0<\/b><span style=\"font-weight: 400;\"> Ayuntamiento de Santa Coloma de Gramenet.<\/span><\/p>\n<p>[\/et_pb_text][\/et_pb_column][\/et_pb_row][\/et_pb_section][et_pb_section bb_built=\u00bb1&#8243; admin_label=\u00bbSecci\u00f3n\u00bb fullwidth=\u00bboff\u00bb specialty=\u00bboff\u00bb transparent_background=\u00bboff\u00bb allow_player_pause=\u00bboff\u00bb inner_shadow=\u00bboff\u00bb parallax=\u00bboff\u00bb parallax_method=\u00bboff\u00bb padding_mobile=\u00bboff\u00bb make_fullwidth=\u00bboff\u00bb use_custom_width=\u00bboff\u00bb width_unit=\u00bbon\u00bb make_equal=\u00bboff\u00bb use_custom_gutter=\u00bboff\u00bb prev_background_color=\u00bb#ffffff\u00bb custom_padding_tablet=\u00bb50px|0|50px|0&#8243; custom_padding_last_edited=\u00bbon|desktop\u00bb next_background_color=\u00bb#000000&#8243;][et_pb_row admin_label=\u00bbFila\u00bb make_fullwidth=\u00bboff\u00bb use_custom_width=\u00bboff\u00bb width_unit=\u00bbon\u00bb use_custom_gutter=\u00bboff\u00bb padding_mobile=\u00bboff\u00bb module_id=\u00bbetapas\u00bb allow_player_pause=\u00bboff\u00bb parallax=\u00bboff\u00bb parallax_method=\u00bboff\u00bb make_equal=\u00bboff\u00bb column_padding_mobile=\u00bbon\u00bb background_position=\u00bbtop_left\u00bb background_repeat=\u00bbrepeat\u00bb background_size=\u00bbinitial\u00bb][et_pb_column type=\u00bb4_4&#8243;][et_pb_text admin_label=\u00bbTexto\u00bb background_layout=\u00bblight\u00bb use_border_color=\u00bboff\u00bb _builder_version=\u00bb3.0.105&#8243;]<\/p>\n<p>&nbsp;<\/p>\n<h2><strong>Conoce m\u00e1s el proyecto <\/strong><\/h2>\n<p><a href=\"#etapa 1\"><b>Exploremos el paseo<\/b><\/a>\u00a0| <a href=\"#etapa2\"><b>Imaginemos nuevos juegos y usos para el paseo<\/b><\/a><\/p>\n<p>&nbsp;<\/p>\n<p>[\/et_pb_text][\/et_pb_column][\/et_pb_row][et_pb_row admin_label=\u00bbFila\u00bb background_position=\u00bbtop_left\u00bb background_repeat=\u00bbrepeat\u00bb background_size=\u00bbinitial\u00bb][et_pb_column type=\u00bb4_4&#8243;][et_pb_divider admin_label=\u00bbSeparador\u00bb color=\u00bb#777777&#8243; show_divider=\u00bbon\u00bb divider_style=\u00bbsolid\u00bb divider_position=\u00bbcenter\u00bb hide_on_mobile=\u00bbon\u00bb height=\u00bb80&#8243; disabled_on=\u00bbon|on|off\u00bb \/][\/et_pb_column][\/et_pb_row][et_pb_row admin_label=\u00bbFila\u00bb make_fullwidth=\u00bboff\u00bb use_custom_width=\u00bboff\u00bb width_unit=\u00bbon\u00bb use_custom_gutter=\u00bboff\u00bb padding_mobile=\u00bboff\u00bb module_id=\u00bbetapa1&#8243; allow_player_pause=\u00bboff\u00bb parallax=\u00bboff\u00bb parallax_method=\u00bboff\u00bb make_equal=\u00bboff\u00bb column_padding_mobile=\u00bbon\u00bb background_position=\u00bbtop_left\u00bb background_repeat=\u00bbrepeat\u00bb background_size=\u00bbinitial\u00bb][et_pb_column type=\u00bb1_2&#8243;][et_pb_text admin_label=\u00bbetapa 1&#8243; background_layout=\u00bblight\u00bb text_font_size=\u00bb12&#8243; use_border_color=\u00bboff\u00bb text_line_height=\u00bb1.4em\u00bb _builder_version=\u00bb3.0.105&#8243;]<\/p>\n<h3><b>Exploremos el paseo<\/b><\/h3>\n<p><b>Fecha y lugar:<\/b><span style=\"font-weight: 400;\"> 9 de mayo 2018, el paseo de delante la Escuela Santa Coloma, Santa Coloma de Gramenet.<\/span><br \/>\n<b>Cliente: <\/b><span style=\"font-weight: 400;\">Ayuntamiento de Santa Coloma de Gramenet.<\/span><br \/>\n<b>Participantes:\u00a0<\/b><span style=\"font-weight: 400;\"> Asamblea de Representantes de primero a sexto curso, en total 10 ni\u00f1as y 8 ni\u00f1os y la directora del centro.<\/span><br \/>\n<span style=\"font-weight: 400;\"><b>Duraci\u00f3n:<\/b> 1,5h de sesi\u00f3n.<\/span><\/p>\n<p><span style=\"font-weight: 400;\">Con un plano del Paseo de la Salzereda bajo el brazo, el alumnado de la Escuela Santa Coloma, principales usuarios y usuarias del paseo, han salido a la calle para reflexionar sobre este espacio.<\/span><\/p>\n<p><span style=\"font-weight: 400;\">Equipos formados por ni\u00f1os y ni\u00f1as de edades y g\u00e9neros variados exploran el paseo seg\u00fan 3 temas trabajados en el urbanismo feminista: el confort, la diversidad y la relaci\u00f3n. La actividad consiste en mapear sus percepciones del espacio y en identificar los elementos urbanos que consideran importantes para el paseo y que se deber\u00edan conservarse y tambi\u00e9n aquellos que suponen barreras f\u00edsicas o que no facilitan su uso. Una vez acabada la exploraci\u00f3n, el alumnado se re\u00fane y comparte sus diversas reflexiones.<\/span><\/p>\n<p>[\/et_pb_text][et_pb_text admin_label=\u00bbTexto\u00bb background_layout=\u00bblight\u00bb use_border_color=\u00bboff\u00bb border_color=\u00bb#ffffff\u00bb border_style=\u00bbsolid\u00bb _builder_version=\u00bb3.0.105&#8243;]<\/p>\n<h4><a href=\"#etapas\"><img loading=\"lazy\" decoding=\"async\" class=\"alignnone wp-image-445\" src=\"https:\/\/equalsaree.org\/wp-content\/uploads\/2016\/03\/FLECHA-1.png\" alt=\"FLECHA\" width=\"20\" height=\"22\" \/><\/a><\/h4>\n<p>[\/et_pb_text][\/et_pb_column][et_pb_column type=\u00bb1_2&#8243;][et_pb_gallery admin_label=\u00bbGaler\u00eda\u00bb gallery_ids=\u00bb3646,3647,3648,3649&#8243; fullwidth=\u00bbon\u00bb show_title_and_caption=\u00bboff\u00bb show_pagination=\u00bbon\u00bb background_layout=\u00bblight\u00bb auto=\u00bbon\u00bb hover_overlay_color=\u00bbrgba(255,255,255,0.9)\u00bb use_border_color=\u00bboff\u00bb orientation=\u00bblandscape\u00bb _builder_version=\u00bb3.0.105&#8243; zoom_icon_color=\u00bb#d6202d\u00bb pagination_font_size_tablet=\u00bb51&#8243; pagination_line_height_tablet=\u00bb2&#8243; \/][\/et_pb_column][\/et_pb_row][et_pb_row admin_label=\u00bbFila\u00bb background_position=\u00bbtop_left\u00bb background_repeat=\u00bbrepeat\u00bb background_size=\u00bbinitial\u00bb][et_pb_column type=\u00bb4_4&#8243;][et_pb_divider admin_label=\u00bbSeparador\u00bb color=\u00bb#777777&#8243; show_divider=\u00bbon\u00bb divider_style=\u00bbsolid\u00bb divider_position=\u00bbcenter\u00bb hide_on_mobile=\u00bbon\u00bb height=\u00bb80&#8243; disabled_on=\u00bbon|on|off\u00bb \/][\/et_pb_column][\/et_pb_row][et_pb_row admin_label=\u00bbFila\u00bb make_fullwidth=\u00bboff\u00bb use_custom_width=\u00bboff\u00bb width_unit=\u00bbon\u00bb use_custom_gutter=\u00bboff\u00bb padding_mobile=\u00bboff\u00bb module_id=\u00bbetapa2&#8243; allow_player_pause=\u00bboff\u00bb parallax=\u00bboff\u00bb parallax_method=\u00bboff\u00bb make_equal=\u00bboff\u00bb column_padding_mobile=\u00bbon\u00bb background_position=\u00bbtop_left\u00bb background_repeat=\u00bbrepeat\u00bb background_size=\u00bbinitial\u00bb][et_pb_column type=\u00bb1_2&#8243;][et_pb_text admin_label=\u00bbetapa 2&#8243; background_layout=\u00bblight\u00bb text_font_size=\u00bb12&#8243; use_border_color=\u00bboff\u00bb text_line_height=\u00bb1.4em\u00bb _builder_version=\u00bb3.0.105&#8243;]<\/p>\n<h3><b>Imaginemos nuevos juegos y usos para el paseo<\/b><\/h3>\n<p><b>Data y lugar:<\/b><span style=\"font-weight: 400;\"> 16 de mayo 2018, Escuela Santa Coloma, Santa Coloma de Gramenet.<\/span><br \/>\n<b>Cliente: <\/b><span style=\"font-weight: 400;\">Ayuntamiento de Santa Coloma de Gramenet.<\/span><br \/>\n<b>Participantes: <\/b><span style=\"font-weight: 400;\">Asamblea de Representantes de primero a sexto curso, en total 10 ni\u00f1as y 8 ni\u00f1os y la directora del centro.<\/span><br \/>\n<b>Duraci\u00f3n:<\/b><span style=\"font-weight: 400;\"> 1,5h de sesi\u00f3n.<\/span><\/p>\n<p><span style=\"font-weight: 400;\">Durante la primera parte de la sesi\u00f3n delegadas y delegados comparten el trabajo hecho en clase, a \u00a0continuaci\u00f3n, una representante de l\u2019AMB expone los diferentes objetivos de la remodelaci\u00f3n del paseo y responde a las preguntas del alumnado.<\/span><\/p>\n<p><span style=\"font-weight: 400;\">En un segundo momento, a partir del uso de im\u00e1genes antiguas en las que aparecen ni\u00f1as y ni\u00f1os jugando en la calle, se reflexiona y debate sobre \u201cel juego\u201d y sobre c\u00f3mo tienen que ser los espacios para potenciar actividades l\u00fadicas diversas y fomentar la convivencia con otras actividades. \u00a0<\/span><\/p>\n<p>[\/et_pb_text][et_pb_text admin_label=\u00bbTexto\u00bb background_layout=\u00bblight\u00bb text_orientation=\u00bbleft\u00bb use_border_color=\u00bboff\u00bb border_color=\u00bb#ffffff\u00bb border_style=\u00bbsolid\u00bb background_position=\u00bbtop_left\u00bb background_repeat=\u00bbrepeat\u00bb background_size=\u00bbinitial\u00bb]<\/p>\n<h4><a href=\"#etapas\"><img loading=\"lazy\" decoding=\"async\" class=\"alignnone wp-image-445\" src=\"https:\/\/equalsaree.org\/wp-content\/uploads\/2016\/03\/FLECHA-1.png\" alt=\"FLECHA\" width=\"20\" height=\"22\" \/><\/a><\/h4>\n<p>[\/et_pb_text][\/et_pb_column][et_pb_column type=\u00bb1_2&#8243;][et_pb_gallery admin_label=\u00bbGaler\u00eda\u00bb gallery_ids=\u00bb3653,3654,3655,3656,3657,3658,3659,3660,3661&#8243; fullwidth=\u00bbon\u00bb show_title_and_caption=\u00bboff\u00bb show_pagination=\u00bbon\u00bb background_layout=\u00bblight\u00bb auto=\u00bbon\u00bb hover_overlay_color=\u00bbrgba(255,255,255,0.9)\u00bb use_border_color=\u00bboff\u00bb orientation=\u00bblandscape\u00bb _builder_version=\u00bb3.0.105&#8243; zoom_icon_color=\u00bb#d6202d\u00bb pagination_font_size_tablet=\u00bb51&#8243; pagination_line_height_tablet=\u00bb2&#8243; \/][\/et_pb_column][\/et_pb_row][et_pb_row admin_label=\u00bbFila\u00bb background_position=\u00bbtop_left\u00bb background_repeat=\u00bbrepeat\u00bb background_size=\u00bbinitial\u00bb][et_pb_column type=\u00bb4_4&#8243;][et_pb_divider admin_label=\u00bbSeparador\u00bb color=\u00bb#777777&#8243; show_divider=\u00bbon\u00bb divider_style=\u00bbsolid\u00bb divider_position=\u00bbcenter\u00bb hide_on_mobile=\u00bbon\u00bb height=\u00bb80&#8243; disabled_on=\u00bbon|on|off\u00bb \/][et_pb_divider admin_label=\u00bbSeparador\u00bb color=\u00bb#ffffff\u00bb show_divider=\u00bboff\u00bb divider_style=\u00bbsolid\u00bb divider_position=\u00bbtop\u00bb hide_on_mobile=\u00bbon\u00bb disabled_on=\u00bbon|on|off\u00bb \/][\/et_pb_column][\/et_pb_row][et_pb_row admin_label=\u00bbFila\u00bb background_position=\u00bbtop_left\u00bb background_repeat=\u00bbrepeat\u00bb background_size=\u00bbinitial\u00bb][et_pb_column type=\u00bb4_4&#8243;][et_pb_text admin_label=\u00bbTexto\u00bb background_layout=\u00bblight\u00bb use_border_color=\u00bboff\u00bb border_color=\u00bb#ffffff\u00bb border_style=\u00bbsolid\u00bb _builder_version=\u00bb3.0.105&#8243;]<\/p>\n<h2><b>Otros proyectos<\/b><\/h2>\n<p>[\/et_pb_text][et_pb_divider admin_label=\u00bbSeparador\u00bb color=\u00bb#ffffff\u00bb show_divider=\u00bboff\u00bb divider_style=\u00bbsolid\u00bb divider_position=\u00bbtop\u00bb hide_on_mobile=\u00bbon\u00bb disabled_on=\u00bbon|on|off\u00bb \/][et_pb_blog fullwidth=\u00bboff\u00bb include_categories=\u00bb3&#8243; show_thumbnail=\u00bbon\u00bb show_content=\u00bboff\u00bb show_more=\u00bbon\u00bb show_author=\u00bboff\u00bb show_date=\u00bboff\u00bb show_categories=\u00bboff\u00bb show_comments=\u00bboff\u00bb show_pagination=\u00bbon\u00bb offset_number=\u00bb0&#8243; background_layout=\u00bblight\u00bb use_dropshadow=\u00bboff\u00bb use_border_color=\u00bbon\u00bb border_color=\u00bb#ffffff\u00bb border_style=\u00bbsolid\u00bb masonry_tile_background_color=\u00bb#ffffff\u00bb header_font=\u00bb|on|||\u00bb border_width=\u00bb0px\u00bb body_line_height=\u00bb1.4em\u00bb posts_number=\u00bb3&#8243; border_color_all=\u00bb#ffffff\u00bb border_width_all=\u00bb0px\u00bb border_style_all=\u00bbsolid\u00bb border_color_all_fullwidth=\u00bb#ffffff\u00bb border_width_all_fullwidth=\u00bb0px\u00bb border_style_all_fullwidth=\u00bbsolid\u00bb box_shadow_color=\u00bbrgba(0,0,0,0.3)\u00bb box_shadow_style=\u00bbnone\u00bb \/][\/et_pb_column][\/et_pb_row][\/et_pb_section]<\/p>\n","protected":false},"excerpt":{"rendered":"<p>Salzel\u00fadic La Escuela Santa Coloma repiensa el Paseo de la Salzereda &nbsp; El objetivo de la actividad educativa participativa es incluir al alumnado de la Escuela Santa Coloma en el dise\u00f1o del nuevo Paseo de la Salzereda, en concreto el tramo de delante de la escuela entre la calle Pompeu Fabra y la calle Francesc [&hellip;]<\/p>\n","protected":false},"author":7,"featured_media":3809,"comment_status":"closed","ping_status":"closed","sticky":false,"template":"","format":"standard","meta":{"_seopress_robots_primary_cat":"","_seopress_titles_title":"","_seopress_titles_desc":"","_seopress_robots_index":"","_et_pb_use_builder":"on","_et_pb_old_content":"Welcome to WordPress. This is your first post. Edit or delete it, then start writing!","_et_gb_content_width":"","footnotes":""},"categories":[70],"tags":[],"class_list":["post-3600","post","type-post","status-publish","format-standard","has-post-thumbnail","hentry","category-proyectos-es"],"_links":{"self":[{"href":"https:\/\/equalsaree.org\/es\/wp-json\/wp\/v2\/posts\/3600","targetHints":{"allow":["GET"]}}],"collection":[{"href":"https:\/\/equalsaree.org\/es\/wp-json\/wp\/v2\/posts"}],"about":[{"href":"https:\/\/equalsaree.org\/es\/wp-json\/wp\/v2\/types\/post"}],"author":[{"embeddable":true,"href":"https:\/\/equalsaree.org\/es\/wp-json\/wp\/v2\/users\/7"}],"replies":[{"embeddable":true,"href":"https:\/\/equalsaree.org\/es\/wp-json\/wp\/v2\/comments?post=3600"}],"version-history":[{"count":0,"href":"https:\/\/equalsaree.org\/es\/wp-json\/wp\/v2\/posts\/3600\/revisions"}],"wp:featuredmedia":[{"embeddable":true,"href":"https:\/\/equalsaree.org\/es\/wp-json\/wp\/v2\/media\/3809"}],"wp:attachment":[{"href":"https:\/\/equalsaree.org\/es\/wp-json\/wp\/v2\/media?parent=3600"}],"wp:term":[{"taxonomy":"category","embeddable":true,"href":"https:\/\/equalsaree.org\/es\/wp-json\/wp\/v2\/categories?post=3600"},{"taxonomy":"post_tag","embeddable":true,"href":"https:\/\/equalsaree.org\/es\/wp-json\/wp\/v2\/tags?post=3600"}],"curies":[{"name":"wp","href":"https:\/\/api.w.org\/{rel}","templated":true}]}}