{"id":18356,"date":"2026-04-29T11:23:21","date_gmt":"2026-04-29T11:23:21","guid":{"rendered":"https:\/\/equalsaree.org\/?p=18356"},"modified":"2026-04-29T11:45:05","modified_gmt":"2026-04-29T11:45:05","slug":"senecta-laboratorios-vivos-para-cuidar-el-envejecimiento-en-el-espacio-publico","status":"publish","type":"post","link":"https:\/\/equalsaree.org\/es\/blog\/2026\/04\/29\/senecta-laboratorios-vivos-para-cuidar-el-envejecimiento-en-el-espacio-publico\/","title":{"rendered":"SENECTA Laboratorios vivos para cuidar el envejecimiento en el espacio p\u00fablico."},"content":{"rendered":"<p>[et_pb_section fb_built=\u00bb1&#8243; _builder_version=\u00bb4.27.4&#8243; _module_preset=\u00bbdefault\u00bb global_colors_info=\u00bb{}\u00bb locked=\u00bboff\u00bb][et_pb_row _builder_version=\u00bb4.27.4&#8243; background_size=\u00bbinitial\u00bb background_position=\u00bbtop_left\u00bb background_repeat=\u00bbrepeat\u00bb hover_enabled=\u00bb0&#8243; locked=\u00bboff\u00bb global_colors_info=\u00bb{}\u00bb sticky_enabled=\u00bb0&#8243;][et_pb_column type=\u00bb4_4&#8243; _builder_version=\u00bb4.16&#8243; custom_padding=\u00bb|||\u00bb global_colors_info=\u00bb{}\u00bb custom_padding__hover=\u00bb|||\u00bb][et_pb_image src=\u00bbhttps:\/\/equalsaree.org\/wp-content\/uploads\/2026\/04\/banda3-2.jpg\u00bb _builder_version=\u00bb4.27.4&#8243; _module_preset=\u00bbdefault\u00bb theme_builder_area=\u00bbpost_content\u00bb title_text=\u00bbbanda3&#8243; hover_enabled=\u00bb0&#8243; sticky_enabled=\u00bb0&#8243; custom_margin=\u00bb-50px||||false|false\u00bb][\/et_pb_image][et_pb_text _builder_version=\u00bb4.27.4&#8243; background_size=\u00bbinitial\u00bb background_position=\u00bbtop_left\u00bb background_repeat=\u00bbrepeat\u00bb custom_padding=\u00bb||0px|||\u00bb global_colors_info=\u00bb{}\u00bb]<\/p>\n<p><b><\/b><\/p>\n<p><b>Ponemos en marcha el proyecto SENECTA para adaptar el espacio p\u00fablico al envejecimiento.<\/b><\/p>\n<p><span style=\"font-weight: 400;\">Hemos iniciado el proyecto SENECTA, una iniciativa orientada a adaptar el espacio p\u00fablico de Barcelona al envejecimiento de su poblaci\u00f3n. El proyecto ha sido seleccionado en la convocatoria <\/span><a href=\"https:\/\/bithabitat.barcelona\/es\/proyectos\/senecta\/\"><i><span style=\"font-weight: 400;\">La Ciutat Proactiva 2025: La ciutat que ens cuida<\/span><\/i><\/a><span style=\"font-weight: 400;\"> de BIT Habitat.<\/span><\/p>\n<p><span style=\"font-weight: 400;\">SENECTA plantea una soluci\u00f3n integral y multi-escalar al reto del envejecimiento poblacional, basada en el an\u00e1lisis de datos urbanos, la co-creaci\u00f3n social y la fabricaci\u00f3n 3D. La propuesta prev\u00e9 desplegar varios elementos de mobiliario urbano temporal que contribuyan a transformar el espacio p\u00fablico en una infraestructura de cuidados.<\/span><\/p>\n<p><span style=\"font-weight: 400;\">El objetivo es promover entornos urbanos m\u00e1s inclusivos, accesibles y seguros, que pongan en el centro las necesidades de las personas mayores y de las personas que cuidan. Desde una perspectiva feminista e interseccional, el proyecto incorpora los cuidados como elemento clave en el an\u00e1lisis y la transformaci\u00f3n del espacio p\u00fablico.<\/span><\/p>\n<p><span style=\"font-weight: 400;\">El proyecto se desarrolla en colaboraci\u00f3n con el <\/span><a href=\"https:\/\/iaac.net\/\"><span style=\"font-weight: 400;\">IAAC<\/span><\/a><span style=\"font-weight: 400;\">, <\/span><a href=\"https:\/\/noumena.io\/\"><span style=\"font-weight: 400;\">Noumena<\/span><\/a><span style=\"font-weight: 400;\"> y <\/span><a href=\"https:\/\/lamaquina.io\/\"><span style=\"font-weight: 400;\">La M\u00e1quina<\/span><\/a><span style=\"font-weight: 400;\">. Desde Equal Saree nos encargamos de impulsar la participaci\u00f3n comunitaria y de evaluar los espacios desde una perspectiva de g\u00e9nero e inclusiva.<\/span><\/p>\n<p><span style=\"font-weight: 400;\">Hemos empezado a trabajar plegadas con un grupo motor conformado por agentes vinculados a las personas mayores y los cuidados, como <\/span><a href=\"https:\/\/www.fatec.cat\/\"><span style=\"font-weight: 400;\">FATEC<\/span><\/a><span style=\"font-weight: 400;\">, <\/span><a href=\"https:\/\/fundaciocatalunya-lapedrera.com\/es\/espacios-fundacion\"><span style=\"font-weight: 400;\">Espai Prosperitat de Fundaci\u00f3 Catalunya La Pedrera<\/span><\/a><span style=\"font-weight: 400;\">, <\/span><a href=\"https:\/\/somambtu.org\/ca\/\"><span style=\"font-weight: 400;\">Som Amb Tu<\/span><\/a><span style=\"font-weight: 400;\">,<\/span> <a href=\"https:\/\/clarasergran.cat\/ca\/\"><span style=\"font-weight: 400;\">Clara Ser Gran<\/span><\/a><span style=\"font-weight: 400;\">, <\/span><a href=\"https:\/\/iaac.net\/\"><span style=\"font-weight: 400;\">IAAC<\/span><\/a><span style=\"font-weight: 400;\"> y <\/span><a href=\"https:\/\/www.barcelona.cat\/ca\"><span style=\"font-weight: 400;\">Districte de Nou Barris de l\u2019Ajuntament de Barcelona<\/span><\/a><span style=\"font-weight: 400;\">, que contribuir\u00e1 a orientar el proyecto y a incorporar diferentes miradas a lo largo del proceso.<\/span><\/p>\n<p><span style=\"font-weight: 400;\">Paralelamente, estamos desarrollando la metodolog\u00eda de diagnosis, centrada en la recogida de datos cualitativos a trav\u00e9s de observaciones y microentrevistas, que permitir\u00e1n identificar necesidades, usos y oportunidades de mejora en el espacio p\u00fablico.<\/span><\/p>\n<p>[\/et_pb_text][et_pb_image src=\u00bbhttps:\/\/equalsaree.org\/wp-content\/uploads\/2026\/04\/cuadrado3-1.jpg\u00bb title_text=\u00bbcuadrado3 (1)\u00bb _builder_version=\u00bb4.27.4&#8243; _module_preset=\u00bbdefault\u00bb global_colors_info=\u00bb{}\u00bb][\/et_pb_image][\/et_pb_column][\/et_pb_row][\/et_pb_section][et_pb_section fb_built=\u00bb1&#8243; theme_builder_area=\u00bbpost_content\u00bb _builder_version=\u00bb4.27.4&#8243; _module_preset=\u00bbdefault\u00bb][\/et_pb_section]<\/p>\n","protected":false},"excerpt":{"rendered":"<p>Ponemos en marcha el proyecto SENECTA para adaptar el espacio p\u00fablico al envejecimiento. Hemos iniciado el proyecto SENECTA, una iniciativa orientada a adaptar el espacio p\u00fablico de Barcelona al envejecimiento de su poblaci\u00f3n. El proyecto ha sido seleccionado en la convocatoria La Ciutat Proactiva 2025: La ciutat que ens cuida de BIT Habitat. SENECTA plantea [&hellip;]<\/p>\n","protected":false},"author":7,"featured_media":18403,"comment_status":"closed","ping_status":"closed","sticky":false,"template":"","format":"standard","meta":{"_seopress_robots_primary_cat":"","_seopress_titles_title":"","_seopress_titles_desc":"Hemos iniciado SENECTA, un proyecto para adaptar el espacio p\u00fablico de Barcelona al envejecimiento de la poblaci\u00f3n, seleccionado a la convocatoria La Ciudad Proactiva 2025 de BIT Habitado.\r\n\u00bfQuieres saber m\u00e1s? >","_seopress_robots_index":"","_et_pb_use_builder":"on","_et_pb_old_content":"","_et_gb_content_width":"","footnotes":""},"categories":[69],"tags":[],"class_list":["post-18356","post","type-post","status-publish","format-standard","has-post-thumbnail","hentry","category-noticias-es"],"_links":{"self":[{"href":"https:\/\/equalsaree.org\/es\/wp-json\/wp\/v2\/posts\/18356","targetHints":{"allow":["GET"]}}],"collection":[{"href":"https:\/\/equalsaree.org\/es\/wp-json\/wp\/v2\/posts"}],"about":[{"href":"https:\/\/equalsaree.org\/es\/wp-json\/wp\/v2\/types\/post"}],"author":[{"embeddable":true,"href":"https:\/\/equalsaree.org\/es\/wp-json\/wp\/v2\/users\/7"}],"replies":[{"embeddable":true,"href":"https:\/\/equalsaree.org\/es\/wp-json\/wp\/v2\/comments?post=18356"}],"version-history":[{"count":3,"href":"https:\/\/equalsaree.org\/es\/wp-json\/wp\/v2\/posts\/18356\/revisions"}],"predecessor-version":[{"id":18385,"href":"https:\/\/equalsaree.org\/es\/wp-json\/wp\/v2\/posts\/18356\/revisions\/18385"}],"wp:featuredmedia":[{"embeddable":true,"href":"https:\/\/equalsaree.org\/es\/wp-json\/wp\/v2\/media\/18403"}],"wp:attachment":[{"href":"https:\/\/equalsaree.org\/es\/wp-json\/wp\/v2\/media?parent=18356"}],"wp:term":[{"taxonomy":"category","embeddable":true,"href":"https:\/\/equalsaree.org\/es\/wp-json\/wp\/v2\/categories?post=18356"},{"taxonomy":"post_tag","embeddable":true,"href":"https:\/\/equalsaree.org\/es\/wp-json\/wp\/v2\/tags?post=18356"}],"curies":[{"name":"wp","href":"https:\/\/api.w.org\/{rel}","templated":true}]}}