{"id":17298,"date":"2025-03-10T12:25:00","date_gmt":"2025-03-10T12:25:00","guid":{"rendered":"https:\/\/equalsaree.org\/blog\/2025\/03\/10\/ya-conoces-la-generadora-una-iniciativa-para-promocionar-el-urbanismo-con-perspectiva-de-genero\/"},"modified":"2026-04-29T12:00:39","modified_gmt":"2026-04-29T12:00:39","slug":"ya-conoces-la-generadora-una-iniciativa-para-promocionar-el-urbanismo-con-perspectiva-de-genero","status":"publish","type":"post","link":"https:\/\/equalsaree.org\/es\/blog\/2025\/03\/10\/ya-conoces-la-generadora-una-iniciativa-para-promocionar-el-urbanismo-con-perspectiva-de-genero\/","title":{"rendered":"\u00bfYa conoces La Generadora? Una iniciativa para promocionar el urbanismo con perspectiva de g\u00e9nero"},"content":{"rendered":"<p>[et_pb_section fb_built=\u00bb1&#8243; _builder_version=\u00bb4.16&#8243; custom_padding=\u00bb9px|||||\u00bb locked=\u00bboff\u00bb global_colors_info=\u00bb{}\u00bb][et_pb_row _builder_version=\u00bb4.16&#8243; background_size=\u00bbinitial\u00bb background_position=\u00bbtop_left\u00bb background_repeat=\u00bbrepeat\u00bb global_colors_info=\u00bb{}\u00bb][et_pb_column type=\u00bb4_4&#8243; _builder_version=\u00bb4.16&#8243; custom_padding=\u00bb|||\u00bb global_colors_info=\u00bb{}\u00bb custom_padding__hover=\u00bb|||\u00bb][et_pb_text _builder_version=\u00bb4.27.4&#8243; background_size=\u00bbinitial\u00bb background_position=\u00bbtop_left\u00bb background_repeat=\u00bbrepeat\u00bb global_colors_info=\u00bb{}\u00bb]<\/p>\n<p><span style=\"font-weight: 400;\">La Generadora es una iniciativa para la promoci\u00f3n del <\/span><b>Dise\u00f1o participativo con perspectiva de g\u00e9nero<\/b><span style=\"font-weight: 400;\">, a partir de la innovaci\u00f3n, el intercambio y la formaci\u00f3n con un alcance iberoamericano. La Generadora quiere consolidar, compartir y expandir una l\u00ednea de pensamiento y de pr\u00e1ctica innovadora m\u00e1s democr\u00e1tica sobre la ciudad, el urbanismo y el dise\u00f1o. Tambi\u00e9n busca generar nuevas formas de producci\u00f3n del conocimiento, basadas en la horizontalidad, la transversalidad, la interdisciplinariedad y el trabajo en red. Al mismo tiempo, quiere promover un intercambio constante entre la teor\u00eda y la pr\u00e1ctica, para generar aprendizajes aplicados y vinculados al territorio y a las realidades sociales.\u00a0<\/span><\/p>\n<p>&nbsp;<\/p>\n<p><span style=\"font-weight: 400;\">Bajo este paraguas estamos ofreciendo 4 formaciones estacionales (invierno, primavera, verano y oto\u00f1o) combinando el formato de curso online y presencial. Esta es la programaci\u00f3n del 2025:\u00a0<\/span><\/p>\n<p>&nbsp;<\/p>\n<p><b>FEBRERO. Estrategias y herramientas para unas espacialidades feministas (Curso online)<\/b><\/p>\n<p><span style=\"font-weight: 400;\">Una formaci\u00f3n introductoria sobre urbanismo feminista que ofrece una panor\u00e1mica por sus diferentes aspectos clave: conceptos, metodolog\u00edas y experiencias pr\u00e1cticas.<\/span><\/p>\n<p><a href=\"https:\/\/equalsaree.org\/es\/project\/la-generadora-curso-online\/\"><span style=\"font-weight: 400;\">+ info<\/span><\/a><\/p>\n<p>&nbsp;<\/p>\n<p><b>MAYO. Cuerpos, espacios, feminismos (Actividad presencial)<\/b><\/p>\n<p><span style=\"font-weight: 400;\">El entorno construido desde el cuerpo como territorio de nuestras experiencias. El urbanismo feminista, la danza y el movimiento y la acci\u00f3n art\u00edstica colectiva se fusionan para reflexionar sobre la presencia y visibilidad de nuestros cuerpos en el espacio p\u00fablico, para experimentar a partir de metodolog\u00edas participativas feministas y diferentes disciplinas art\u00edsticas y para cocrear un relato sobre las violencias que nos atraviesan y sobre las herramientas de liberaci\u00f3n y empoderamiento individual y colectivo.<\/span><\/p>\n<p><a href=\"https:\/\/equalsaree.org\/es\/project\/la-generadora-surt-al-carrer\/\"><span style=\"font-weight: 400;\">+ info<\/span><\/a><\/p>\n<p>&nbsp;<\/p>\n<p><b>JULIO. Hacia una participaci\u00f3n feminista (Curso online)<\/b><\/p>\n<p><span style=\"font-weight: 400;\">Un curso virtual para profundizar en la participaci\u00f3n comunitaria con perspectiva feminista. Veremos como tenerla en cuenta en todas las fases de un proyecto participativo, compartiremos metodolog\u00edas, t\u00e9cnicas y tips para conseguir un proceso inclusivo y empoderador, conoceremos pr\u00e1cticas internacionales de la mano de colectivas invitadas y trabajaremos juntas en la revisi\u00f3n y mejora de las propuestas de las participantes.<\/span><\/p>\n<p><a href=\"https:\/\/equalsaree.org\/es\/project\/hacia-una-participacion-feminista\/\"><span style=\"font-weight: 400;\">+ info<\/span><\/a><\/p>\n<p>&nbsp;<\/p>\n<p><b>OCTUBRE. El espacio como agente coeducador (Actividad presencial)<\/b><\/p>\n<p><span style=\"font-weight: 400;\">Una formaci\u00f3n centrada en la aproximaci\u00f3n feminista a los espacios de la infancia: desde los patios escolares hasta la ciudad co-educadora mediante participaci\u00f3n activa y transformadora.\u00a0<\/span><\/p>\n<p><a href=\"https:\/\/equalsaree.org\/es\/project\/espacio-como-agente-coeducador\/\"><span style=\"font-weight: 400;\">+ info<\/span><\/a><\/p>\n<p>[\/et_pb_text][et_pb_image src=\u00bbhttps:\/\/equalsaree.org\/wp-content\/uploads\/2025\/03\/79_NH_la-generadora-anual.jpg\u00bb title_text=\u00bb79_NH_la generadora anual\u00bb _builder_version=\u00bb4.27.4&#8243; _module_preset=\u00bbdefault\u00bb global_colors_info=\u00bb{}\u00bb][\/et_pb_image][\/et_pb_column][\/et_pb_row][\/et_pb_section]<\/p>\n","protected":false},"excerpt":{"rendered":"<p>La Generadora es una iniciativa para la promoci\u00f3n del Dise\u00f1o participativo con perspectiva de g\u00e9nero, a partir de la innovaci\u00f3n, el intercambio y la formaci\u00f3n con un alcance iberoamericano. La Generadora quiere consolidar, compartir y expandir una l\u00ednea de pensamiento y de pr\u00e1ctica innovadora m\u00e1s democr\u00e1tica sobre la ciudad, el urbanismo y el dise\u00f1o. Tambi\u00e9n [&hellip;]<\/p>\n","protected":false},"author":7,"featured_media":17289,"comment_status":"closed","ping_status":"closed","sticky":false,"template":"","format":"standard","meta":{"_seopress_robots_primary_cat":"","_seopress_titles_title":"","_seopress_titles_desc":"","_seopress_robots_index":"","_et_pb_use_builder":"on","_et_pb_old_content":"","_et_gb_content_width":"","footnotes":""},"categories":[69],"tags":[],"class_list":["post-17298","post","type-post","status-publish","format-standard","has-post-thumbnail","hentry","category-noticias-es"],"_links":{"self":[{"href":"https:\/\/equalsaree.org\/es\/wp-json\/wp\/v2\/posts\/17298","targetHints":{"allow":["GET"]}}],"collection":[{"href":"https:\/\/equalsaree.org\/es\/wp-json\/wp\/v2\/posts"}],"about":[{"href":"https:\/\/equalsaree.org\/es\/wp-json\/wp\/v2\/types\/post"}],"author":[{"embeddable":true,"href":"https:\/\/equalsaree.org\/es\/wp-json\/wp\/v2\/users\/7"}],"replies":[{"embeddable":true,"href":"https:\/\/equalsaree.org\/es\/wp-json\/wp\/v2\/comments?post=17298"}],"version-history":[{"count":3,"href":"https:\/\/equalsaree.org\/es\/wp-json\/wp\/v2\/posts\/17298\/revisions"}],"predecessor-version":[{"id":18392,"href":"https:\/\/equalsaree.org\/es\/wp-json\/wp\/v2\/posts\/17298\/revisions\/18392"}],"wp:featuredmedia":[{"embeddable":true,"href":"https:\/\/equalsaree.org\/es\/wp-json\/wp\/v2\/media\/17289"}],"wp:attachment":[{"href":"https:\/\/equalsaree.org\/es\/wp-json\/wp\/v2\/media?parent=17298"}],"wp:term":[{"taxonomy":"category","embeddable":true,"href":"https:\/\/equalsaree.org\/es\/wp-json\/wp\/v2\/categories?post=17298"},{"taxonomy":"post_tag","embeddable":true,"href":"https:\/\/equalsaree.org\/es\/wp-json\/wp\/v2\/tags?post=17298"}],"curies":[{"name":"wp","href":"https:\/\/api.w.org\/{rel}","templated":true}]}}