{"id":17158,"date":"2025-02-06T10:21:10","date_gmt":"2025-02-06T10:21:10","guid":{"rendered":"https:\/\/equalsaree.org\/blog\/2025\/02\/14\/disseny-de-patis-coeducatius\/"},"modified":"2025-02-14T10:25:04","modified_gmt":"2025-02-14T10:25:04","slug":"diseno-de-patios-coeducativos","status":"publish","type":"post","link":"https:\/\/equalsaree.org\/es\/blog\/2025\/02\/06\/diseno-de-patios-coeducativos\/","title":{"rendered":"Dise\u00f1o de patios coeducativos"},"content":{"rendered":"<p>[et_pb_section fb_built=\u00bb1&#8243; _builder_version=\u00bb4.16&#8243; custom_padding=\u00bb9px|||||\u00bb locked=\u00bboff\u00bb global_colors_info=\u00bb{}\u00bb][et_pb_row _builder_version=\u00bb4.16&#8243; background_size=\u00bbinitial\u00bb background_position=\u00bbtop_left\u00bb background_repeat=\u00bbrepeat\u00bb global_colors_info=\u00bb{}\u00bb][et_pb_column type=\u00bb4_4&#8243; _builder_version=\u00bb4.16&#8243; custom_padding=\u00bb|||\u00bb global_colors_info=\u00bb{}\u00bb custom_padding__hover=\u00bb|||\u00bb][et_pb_text _builder_version=\u00bb4.27.4&#8243; background_size=\u00bbinitial\u00bb background_position=\u00bbtop_left\u00bb background_repeat=\u00bbrepeat\u00bb global_colors_info=\u00bb{}\u00bb]<\/p>\n<p><span style=\"font-weight: 400;\">Seg\u00fan algunas corrientes pedag\u00f3gicas, <strong>el espacio es el tercer educador<\/strong> y tiene una gran influencia en los aprendizajes de las criaturas. Tiene un papel clave en el curr\u00edculo oculto, todos aquellos aprendizajes \u201cinvisibles\u201d que transmitimos a las criaturas de forma involuntaria o inconsciente y que condicionan su socializaci\u00f3n, modelando conductas, creencias y valores que las acompa\u00f1ar\u00e1n a lo largo de la vida. Por eso es tan importante garantizar que los espacios de aprendizaje est\u00e9n dise\u00f1ados con criterios de justicia de g\u00e9nero, de inclusi\u00f3n de las diversidades y de sostenibilidad.\u00a0<\/span><\/p>\n<p><span style=\"font-weight: 400;\">En Equal Saree <strong>dise\u00f1amos espacios educativos<\/strong> no jer\u00e1rquicos, inclusivos, estimulantes y promotores de relaciones entre iguales. Creamos espacios l\u00fadicos y de aprendizaje que incentivan la creatividad, la imaginaci\u00f3n y la innovaci\u00f3n. Promovemos una construcci\u00f3n sostenible, utilizando materiales locales, optimizando los recursos del entorno y revalorizando las preexistencias. A partir de soluciones basadas en la naturaleza, acondicionamos los patios para suavizar los efectos de cambio clim\u00e1tico. A su vez, los elementos introducidos y las acciones propuestas se convierten en oportunidades l\u00fadicas y pedag\u00f3gicas.<\/span><\/p>\n<p><b>\u00bfC\u00f3mo lo hacemos?<\/b><span style=\"font-weight: 400;\"> A partir de un proceso de reflexi\u00f3n que implica a toda la comunidad educativa para que la transformaci\u00f3n f\u00edsica sea el resultado de un cambio de valores y de nuevas oportunidades educativas.<\/span><\/p>\n<p><span style=\"font-weight: 400;\">Dependiendo de las necesidades de la comunidad educativa y de las dimensiones y caracter\u00edsticas del patio, dise\u00f1amos proyectos \u00fanicos y adaptados, aunque estos son algunos de los puntos que siempre nos gusta incluir:<\/span><\/p>\n<ol>\n<li style=\"font-weight: 400;\" aria-level=\"1\"><span style=\"font-weight: 400;\"><strong>Naturaleza.<\/strong> Los elementos naturales como fuente de bienestar y relajaci\u00f3n, como protecci\u00f3n clim\u00e1tica, como elemento l\u00fadico y como fuente de aprendizajes.<\/span><\/li>\n<li style=\"font-weight: 400;\" aria-level=\"1\"><span style=\"font-weight: 400;\"><strong>\u00c1gora.<\/strong> Espacio de encuentro de la comunidad, donde realizar clases al aire libre, asambleas, encuentros y fiestas con las familias\u2026\u00a0<\/span><\/li>\n<li style=\"font-weight: 400;\" aria-level=\"1\"><span style=\"font-weight: 400;\"><strong>Desniveles l\u00fadicos.<\/strong> Aprovechar la topograf\u00eda existente para generar espacios estimulantes y promover la actividad f\u00edsica.\u00a0<\/span><\/li>\n<li style=\"font-weight: 400;\" aria-level=\"1\"><span style=\"font-weight: 400;\"><strong>Creatividad.<\/strong> Espacios que potencien las habilidades creativas y la imaginaci\u00f3n a trav\u00e9s de las artes.\u00a0<\/span><\/li>\n<li style=\"font-weight: 400;\" aria-level=\"1\"><span style=\"font-weight: 400;\"><strong>Calma, experimentaci\u00f3n y juego simb\u00f3lico.<\/strong> Espacios tranquilos que respeten los diferentes ritmos de las criaturas y para experimentar a trav\u00e9s de los diferentes sentidos. <\/span><\/li>\n<\/ol>\n<p>[\/et_pb_text][et_pb_image src=\u00bbhttps:\/\/equalsaree.org\/wp-content\/uploads\/2022\/09\/Avaluacio-04_Empatitzem_Equal-Saree.jpg\u00bb title_text=\u00bbAvaluaci\u00f3 04_Empatitzem_Equal Saree\u00bb _builder_version=\u00bb4.27.4&#8243; _module_preset=\u00bbdefault\u00bb global_colors_info=\u00bb{}\u00bb][\/et_pb_image][\/et_pb_column][\/et_pb_row][\/et_pb_section]<\/p>\n","protected":false},"excerpt":{"rendered":"<p>Seg\u00fan algunas corrientes pedag\u00f3gicas, el espacio es el tercer educador y tiene una gran influencia en los aprendizajes de las criaturas. Tiene un papel clave en el curr\u00edculo oculto, todos aquellos aprendizajes \u201cinvisibles\u201d que transmitimos a las criaturas de forma involuntaria o inconsciente y que condicionan su socializaci\u00f3n, modelando conductas, creencias y valores que las [&hellip;]<\/p>\n","protected":false},"author":7,"featured_media":17153,"comment_status":"closed","ping_status":"closed","sticky":false,"template":"","format":"standard","meta":{"_seopress_robots_primary_cat":"","_seopress_titles_title":"","_seopress_titles_desc":"","_seopress_robots_index":"","_et_pb_use_builder":"on","_et_pb_old_content":"","_et_gb_content_width":"","footnotes":""},"categories":[69],"tags":[130,141,133,131,140,125],"class_list":["post-17158","post","type-post","status-publish","format-standard","has-post-thumbnail","hentry","category-noticias-es","tag-ciudadeducadora-es","tag-ecofeminisme-es","tag-equalsaree-es","tag-feminismos-es","tag-infancia-genere-pati-de-lescola-es","tag-innovacio-es"],"_links":{"self":[{"href":"https:\/\/equalsaree.org\/es\/wp-json\/wp\/v2\/posts\/17158","targetHints":{"allow":["GET"]}}],"collection":[{"href":"https:\/\/equalsaree.org\/es\/wp-json\/wp\/v2\/posts"}],"about":[{"href":"https:\/\/equalsaree.org\/es\/wp-json\/wp\/v2\/types\/post"}],"author":[{"embeddable":true,"href":"https:\/\/equalsaree.org\/es\/wp-json\/wp\/v2\/users\/7"}],"replies":[{"embeddable":true,"href":"https:\/\/equalsaree.org\/es\/wp-json\/wp\/v2\/comments?post=17158"}],"version-history":[{"count":3,"href":"https:\/\/equalsaree.org\/es\/wp-json\/wp\/v2\/posts\/17158\/revisions"}],"predecessor-version":[{"id":17163,"href":"https:\/\/equalsaree.org\/es\/wp-json\/wp\/v2\/posts\/17158\/revisions\/17163"}],"wp:featuredmedia":[{"embeddable":true,"href":"https:\/\/equalsaree.org\/es\/wp-json\/wp\/v2\/media\/17153"}],"wp:attachment":[{"href":"https:\/\/equalsaree.org\/es\/wp-json\/wp\/v2\/media?parent=17158"}],"wp:term":[{"taxonomy":"category","embeddable":true,"href":"https:\/\/equalsaree.org\/es\/wp-json\/wp\/v2\/categories?post=17158"},{"taxonomy":"post_tag","embeddable":true,"href":"https:\/\/equalsaree.org\/es\/wp-json\/wp\/v2\/tags?post=17158"}],"curies":[{"name":"wp","href":"https:\/\/api.w.org\/{rel}","templated":true}]}}